{"id":89474,"date":"2025-04-24T08:12:41","date_gmt":"2025-04-24T14:12:41","guid":{"rendered":"http:\/\/mickyandoniehn.com\/radio\/2025\/04\/24\/senaf-realizo-900-acciones-de-prevencion-y-proteccion-brindadas-a-nivel-nacional-durante-semana-santa\/"},"modified":"2025-04-24T08:12:41","modified_gmt":"2025-04-24T14:12:41","slug":"senaf-realizo-900-acciones-de-prevencion-y-proteccion-brindadas-a-nivel-nacional-durante-semana-santa","status":"publish","type":"post","link":"https:\/\/mickyandoniehn.com\/radio\/2025\/04\/24\/senaf-realizo-900-acciones-de-prevencion-y-proteccion-brindadas-a-nivel-nacional-durante-semana-santa\/","title":{"rendered":"SENAF realiz\u00f3 900 acciones de prevenci\u00f3n y protecci\u00f3n brindadas a nivel nacional durante Semana Santa"},"content":{"rendered":"<\/p>\n<p><strong>Tegucigalpa<\/strong>\u2014\u00a0 La Secretar\u00eda de Ni\u00f1ez, Adolescencia y Familia (SENAF) inform\u00f3 que, en el marco de la Semana Santa 2025 y como parte activa de la Comisi\u00f3n Nacional de Prevenci\u00f3n en Movilizaciones Masivas (Conapremm), se ejecutaron m\u00e1s de 900 acciones a nivel nacional con el objetivo de garantizar el bienestar, la seguridad y el ejercicio pleno de los derechos de ni\u00f1as, ni\u00f1os y adolescentes.<\/p>\n<p>Durante esta temporada, caracterizada por un incremento en la movilizaci\u00f3n de personas y actividades recreativas, la SENAF despleg\u00f3 operativos preventivos, puntos de atenci\u00f3n y campa\u00f1as informativas orientadas a salvaguardar los derechos de la ni\u00f1ez y adolescencia:<\/p>\n<p>M\u00e1s de 531 inspecciones en playas, parques y centros tur\u00edsticos a nivel nacional a trav\u00e9s de los equipos t\u00e9cnicos de la SENAF, que se mantuvieron activos durante toda la semana, incluyendo d\u00edas feriados.<\/p>\n<p>Asimismo, 28 inspecciones en las diferentes ejes carreteros en varios puntos del pa\u00eds. Se realizaron unos 12 llamados de atenci\u00f3n por encontrar ni\u00f1as, ni\u00f1os y adolescentes en situaciones y condiciones que pod\u00edan resultar en una vulneraci\u00f3n.<\/p>\n<p>Igualmente, 314 entregas de material informativo para sensibilizaci\u00f3n en zonas de alta concurrencia a nivel nacional para prevenir situaciones de riesgo\u00a0 y toda forma de vulneraci\u00f3n:<\/p>\n<p>Campa\u00f1a de concientizaci\u00f3n en redes sociales y medios de comunicaci\u00f3n, enfocada en la prevenci\u00f3n de vulneraciones en espacios p\u00fablicos, as\u00ed como en la promoci\u00f3n del derecho al descanso, al juego y a la recreaci\u00f3n segura.<\/p>\n<p><em>\u201cLa Semana Santa es una oportunidad para fortalecer los lazos familiares, pero tambi\u00e9n debemos mantenernos vigilantes para asegurar que nuestras ni\u00f1as, ni\u00f1os y adolescentes est\u00e9n protegidos en todo momento. Nuestro compromiso con sus derechos es permanente\u201d,<\/em>\u00a0afirm\u00f3 la ministra Lizeth Coello.<\/p>\n<p>Fuente: Proceso Digital<\/p>\n","protected":false},"excerpt":{"rendered":"<p>Tegucigalpa\u2014\u00a0 La Secretar\u00eda de Ni\u00f1ez, Adolescencia y Familia (SENAF) inform\u00f3 que, en el marco de la Semana Santa 2025 y como parte activa de la Comisi\u00f3n Nacional de Prevenci\u00f3n en Movilizaciones Masivas (Conapremm), se ejecutaron m\u00e1s de 900 acciones a nivel nacional con el objetivo de garantizar el bienestar, la seguridad y el ejercicio pleno &hellip;<\/p>\n","protected":false},"author":0,"featured_media":89475,"comment_status":"open","ping_status":"open","sticky":false,"template":"","format":"standard","meta":{"_jetpack_memberships_contains_paid_content":false,"footnotes":""},"categories":[5],"tags":[],"class_list":["post-89474","post","type-post","status-publish","format-standard","has-post-thumbnail","","category-noticias"],"jetpack_sharing_enabled":true,"jetpack_featured_media_url":"https:\/\/mickyandoniehn.com\/radio\/wp-content\/uploads\/2025\/04\/Captura-de-pantalla-2025-04-23-212248-8qiv3C.png","_links":{"self":[{"href":"https:\/\/mickyandoniehn.com\/radio\/wp-json\/wp\/v2\/posts\/89474","targetHints":{"allow":["GET"]}}],"collection":[{"href":"https:\/\/mickyandoniehn.com\/radio\/wp-json\/wp\/v2\/posts"}],"about":[{"href":"https:\/\/mickyandoniehn.com\/radio\/wp-json\/wp\/v2\/types\/post"}],"replies":[{"embeddable":true,"href":"https:\/\/mickyandoniehn.com\/radio\/wp-json\/wp\/v2\/comments?post=89474"}],"version-history":[{"count":0,"href":"https:\/\/mickyandoniehn.com\/radio\/wp-json\/wp\/v2\/posts\/89474\/revisions"}],"wp:featuredmedia":[{"embeddable":true,"href":"https:\/\/mickyandoniehn.com\/radio\/wp-json\/wp\/v2\/media\/89475"}],"wp:attachment":[{"href":"https:\/\/mickyandoniehn.com\/radio\/wp-json\/wp\/v2\/media?parent=89474"}],"wp:term":[{"taxonomy":"category","embeddable":true,"href":"https:\/\/mickyandoniehn.com\/radio\/wp-json\/wp\/v2\/categories?post=89474"},{"taxonomy":"post_tag","embeddable":true,"href":"https:\/\/mickyandoniehn.com\/radio\/wp-json\/wp\/v2\/tags?post=89474"}],"curies":[{"name":"wp","href":"https:\/\/api.w.org\/{rel}","templated":true}]}}