{"id":88771,"date":"2025-03-27T10:14:59","date_gmt":"2025-03-27T16:14:59","guid":{"rendered":"http:\/\/mickyandoniehn.com\/radio\/2025\/03\/27\/presidente-de-stenee-advierte-sobre-apagones-si-el-verano-es-muy-intenso\/"},"modified":"2025-03-27T10:14:59","modified_gmt":"2025-03-27T16:14:59","slug":"presidente-de-stenee-advierte-sobre-apagones-si-el-verano-es-muy-intenso","status":"publish","type":"post","link":"https:\/\/mickyandoniehn.com\/radio\/2025\/03\/27\/presidente-de-stenee-advierte-sobre-apagones-si-el-verano-es-muy-intenso\/","title":{"rendered":"Presidente de STENEE advierte sobre apagones si el verano es muy intenso"},"content":{"rendered":"<\/p>\n<p><strong>Tegucigalpa-<\/strong>\u00a0S\u00ed las temperaturas extremas del verano superan los niveles del a\u00f1o pasado, podr\u00eda colapsar cualquier plan de contingencia, dejando a la poblaci\u00f3n sin energ\u00eda el\u00e9ctrica, advirti\u00f3 el presidente del sindicato de la Empresa Nacional de Energ\u00eda El\u00e9ctrica (ENEE), Miguel Aguilar.<\/p>\n<p class=\"has-vivid-red-color has-text-color has-link-color wp-elements-4b847f804c11e152d0a1dccc73d919d4\"><strong>-Para este d\u00eda, est\u00e1 previsto que m\u00e1s de 100 zonas queden sin luz, particularmente en los departamentos de Olancho y Francisco Moraz\u00e1n.<\/strong><\/p>\n<p>Aguilar explic\u00f3 que la ENEE mantiene un plan de mantenimiento preventivo y correctivo en todas sus redes, incluyendo l\u00edneas primarias de distribuci\u00f3n y sistemas de transmisi\u00f3n. Sin embargo, algunas estaciones est\u00e1n en proceso de mantenimiento, lo que genera interrupciones en varias zonas, aunque se han notificado previamente los horarios de los cortes.<\/p>\n<p>El dirigente sindical enfatiz\u00f3 que estos trabajos buscan mejorar la resistencia del sistema ante el incremento de la demanda y las altas temperaturas. \u00abLo que tenemos en capacidad de transmisi\u00f3n llega a un l\u00edmite y, cuando hay sobrecarga, se aplica el llamado alivio de cargas, dejando sectores sin energ\u00eda para evitar da\u00f1os en equipos de alto valor\u00bb, explic\u00f3 Aguilar.<\/p>\n<p>Insisti\u00f3 en que, si el verano es extremadamente caluroso, las sobrecargas podr\u00edan generar apagones en varias zonas del pa\u00eds, ya que la instituci\u00f3n no puede arriesgar transformadores y otros equipos clave en la red el\u00e9ctrica.<\/p>\n<p>\u201cHay que decirlo de forma clara porque la instituci\u00f3n no puede poner en riesgo un transformador o equipo de alto valor y entonces lo saca para protegerlo y la gente se quedar\u00e1 a oscuras\u201d, los apagones en esos casos se estar\u00e1n dando, puntualiz\u00f3<\/p>\n<p>Fuente: Proceso Digital<\/p>\n","protected":false},"excerpt":{"rendered":"<p>Tegucigalpa-\u00a0S\u00ed las temperaturas extremas del verano superan los niveles del a\u00f1o pasado, podr\u00eda colapsar cualquier plan de contingencia, dejando a la poblaci\u00f3n sin energ\u00eda el\u00e9ctrica, advirti\u00f3 el presidente del sindicato de la Empresa Nacional de Energ\u00eda El\u00e9ctrica (ENEE), Miguel Aguilar. -Para este d\u00eda, est\u00e1 previsto que m\u00e1s de 100 zonas queden sin luz, particularmente en &hellip;<\/p>\n","protected":false},"author":0,"featured_media":88772,"comment_status":"open","ping_status":"open","sticky":false,"template":"","format":"standard","meta":{"_jetpack_memberships_contains_paid_content":false,"footnotes":""},"categories":[5],"tags":[],"class_list":["post-88771","post","type-post","status-publish","format-standard","has-post-thumbnail","","category-noticias"],"jetpack_sharing_enabled":true,"jetpack_featured_media_url":"https:\/\/mickyandoniehn.com\/radio\/wp-content\/uploads\/2025\/03\/Captura-de-pantalla-2025-03-27-094642-2qBlta.png","_links":{"self":[{"href":"https:\/\/mickyandoniehn.com\/radio\/wp-json\/wp\/v2\/posts\/88771","targetHints":{"allow":["GET"]}}],"collection":[{"href":"https:\/\/mickyandoniehn.com\/radio\/wp-json\/wp\/v2\/posts"}],"about":[{"href":"https:\/\/mickyandoniehn.com\/radio\/wp-json\/wp\/v2\/types\/post"}],"replies":[{"embeddable":true,"href":"https:\/\/mickyandoniehn.com\/radio\/wp-json\/wp\/v2\/comments?post=88771"}],"version-history":[{"count":0,"href":"https:\/\/mickyandoniehn.com\/radio\/wp-json\/wp\/v2\/posts\/88771\/revisions"}],"wp:featuredmedia":[{"embeddable":true,"href":"https:\/\/mickyandoniehn.com\/radio\/wp-json\/wp\/v2\/media\/88772"}],"wp:attachment":[{"href":"https:\/\/mickyandoniehn.com\/radio\/wp-json\/wp\/v2\/media?parent=88771"}],"wp:term":[{"taxonomy":"category","embeddable":true,"href":"https:\/\/mickyandoniehn.com\/radio\/wp-json\/wp\/v2\/categories?post=88771"},{"taxonomy":"post_tag","embeddable":true,"href":"https:\/\/mickyandoniehn.com\/radio\/wp-json\/wp\/v2\/tags?post=88771"}],"curies":[{"name":"wp","href":"https:\/\/api.w.org\/{rel}","templated":true}]}}