{"id":87957,"date":"2025-03-03T10:12:33","date_gmt":"2025-03-03T16:12:33","guid":{"rendered":"http:\/\/mickyandoniehn.com\/radio\/2025\/03\/03\/no-se-puede-llegar-a-cero-edwin-hernandez-sobre-analfabetismo-en-honduras\/"},"modified":"2025-03-03T10:12:33","modified_gmt":"2025-03-03T16:12:33","slug":"no-se-puede-llegar-a-cero-edwin-hernandez-sobre-analfabetismo-en-honduras","status":"publish","type":"post","link":"https:\/\/mickyandoniehn.com\/radio\/2025\/03\/03\/no-se-puede-llegar-a-cero-edwin-hernandez-sobre-analfabetismo-en-honduras\/","title":{"rendered":"\u2018No se puede llegar a cero\u2019: Edwin Hern\u00e1ndez sobre analfabetismo en Honduras"},"content":{"rendered":"<\/p>\n<p>03.03.2025<\/p>\n<p class=\"mb-[34px]\">Honduras sigue avanzando en su lucha contra el analfabetismo, con al menos 400 mil personas alfabetizadas en los \u00faltimos a\u00f1os. Sin embargo, las autoridades educativas reconocen que el pa\u00eds no podr\u00e1 llegar a un \u00edndice del 0 %.<\/p>\n<div class=\"teads-inread sm-screen\">\n<div>\n<div class=\"teads-ui-components-adchoices\"><\/div>\n<div class=\"teads-ui-components-label\">PUBLICIDAD<\/div>\n<div class=\"teads-player\"><\/div>\n<\/div>\n<\/div>\n<p class=\"mb-[34px]\">\u00abEso va a ser imposible, ni Cuba, que es el pa\u00eds que m\u00e1s atiende la educaci\u00f3n, est\u00e1 en cero en analfabetismo, pero la Unesco, al llegar a un l\u00edmite menor al 4 %, nos declara a los pa\u00edses libres de analfabetismo\u00bb, afirm\u00f3 el subsecretario de Educaci\u00f3n, Edwin Hern\u00e1ndez.<\/p>\n<div><\/div>\n<p class=\"mb-[34px]\">Hasta ahora, al menos diez de<a href=\"https:\/\/www.tunota.com\/honduras-hoy\/analfabetismo-honduras-cifras-francisco-morazan-cortes-olancho-2022-08-11\" target=\"_blank\">\u00a0los 18 departamentos<\/a>\u00a0de Honduras han sido declarados libres de analfabetismo. No obstante, Hern\u00e1ndez explic\u00f3 que algunas condiciones particulares impiden la erradicaci\u00f3n total.<\/p>\n<div class=\"container mx-auto px-4 flex justify-center my-2 bg-[#F5F5F5]\">\n<div class=\"flex flex-col justify-center items-center\">\n<div class=\"my-1\">\n<div><\/div>\n<\/div>\n<\/div>\n<\/div>\n<p class=\"mb-[34px]\">\u00abCero va a ser imposible porque hay compa\u00f1eros que tienen trastornos, hay compa\u00f1eros que tienen enfermedades, entonces no se puede llegar al cero\u00bb, se\u00f1al\u00f3.<\/p>\n<p class=\"mb-[34px]\">Pese a este desaf\u00edo, el funcionario mostr\u00f3 confianza en los esfuerzos del gobierno. \u00abLo vamos a lograr por el esfuerzo que estamos realizando en cada momento\u00bb, afirm\u00f3, destacando el impacto del programa \u2018Yo s\u00ed puedo\u2019.<\/p>\n<div>\n<div><\/div>\n<\/div>\n<h2>Departamentos alfabetizados<\/h2>\n<p>La Paz<br \/>\nSanta B\u00e1rbara<br \/>\nLempira<br \/>\nComayagua<br \/>\nValle<br \/>\nCholuteca<br \/>\nCop\u00e1n<br \/>\nCol\u00f3n<br \/>\nAtl\u00e1ntida<br \/>\nEl Para\u00edso<\/p>\n<h2><strong>El reto de reducir la tasa de analfabetismo<\/strong><\/h2>\n<p class=\"mb-[34px]\">Al mismo tiempo, Marlon Escoto, exsecretario de Educaci\u00f3n, coincidi\u00f3 en que alcanzar este objetivo ser\u00eda un logro significativo para el pa\u00eds.<\/p>\n<p class=\"mb-[34px]\">\u00abCreo que para todos los hondure\u00f1os y los que hemos estado o estamos relacionados con la educaci\u00f3n, nos dar\u00eda enorme satisfacci\u00f3n saber que Honduras ha erradicado el analfabetismo\u00bb, expres\u00f3.<\/p>\n<div class=\"container mx-auto px-4 flex justify-center my-2 bg-[#F5F5F5]\">\n<div class=\"flex flex-col justify-center items-center\">\n<div class=\"my-1\">\n<div><\/div>\n<\/div>\n<\/div>\n<\/div>\n<p class=\"mb-[34px]\">Sin embargo, Escoto advirti\u00f3 que este es un proceso complejo con implicaciones t\u00e9cnicas y pol\u00edticas.<\/p>\n<p class=\"mb-[34px]\">Seg\u00fan el Instituto Nacional de Estad\u00edsticas (INE), hasta 2023 Honduras ten\u00eda una tasa de\u00a0<a href=\"https:\/\/www.tunota.com\/honduras-hoy\/honduras-busca-cerrar-el-2023-con-100-municipios-libres-de-analfabetismo-2023-12-07\" target=\"_blank\">analfabetismo<\/a>\u00a0del 12.9 %, lo que equival\u00eda a unas 800 mil personas que no sab\u00edan leer ni escribir.<\/p>\n<p class=\"mb-[34px]\">En los \u00faltimos meses, el gobierno ha intensificado sus esfuerzos, logrando alfabetizar a entre 250 mil y 300 mil personas.<\/p>\n<p class=\"mb-[34px]\">\u00abSi comparamos frente a\u00a0800 mil, entonces esa relaci\u00f3n de reducci\u00f3n deber\u00eda reflejarse en la pr\u00f3xima encuesta del INE.\u00a0El gran reto de un pa\u00eds como Honduras es al menos reducir la tasa de analfabetismo de\u00a012.9 en este caso a un d\u00edgito, es decir, menos de 10\u00bb, explic\u00f3 Escoto.<\/p>\n<p class=\"mb-[34px]\">De acuerdo con los datos recientes, el pa\u00eds podr\u00eda estar cerca de alcanzar este objetivo. \u00abCon los datos que se han publicado de las personas alfabetizadas, es muy probable que Honduras pueda romper esa barrera y bajar, por ejemplo, a un 9 %. Eso ya ser\u00eda importante porque es un paso grande\u00bb, explic\u00f3 el exsecretario de Educaci\u00f3n.<\/p>\n<h2>\u00bf<strong>Honduras podr\u00eda ser declarada libre de analfabetismo<\/strong>?<\/h2>\n<p class=\"mb-[34px]\">Para que un pa\u00eds sea declarado libre de analfabetismo, su tasa debe estar por debajo del 4 %. \u00abAlgunos pa\u00edses hablan de 3 o 4% de analfabetas, y ya cuando se llega a esos niveles se puede declarar un pa\u00eds libre de analfabetismo\u00bb, indic\u00f3 Escoto.<\/p>\n<p class=\"mb-[34px]\">El exsecretario destac\u00f3 el esfuerzo realizado en los \u00faltimos meses y enfatiz\u00f3 la importancia de que estos avances sean reflejados oficialmente por el INE.<\/p>\n<p class=\"mb-[34px]\">\u00abEsto permitir\u00e1 al pa\u00eds acelerar o profundizar hasta alcanzar tasas m\u00ednimas que permitan la declaraci\u00f3n oficial de libre analfabetismo\u00bb, dijo.<\/p>\n<p class=\"mb-[34px]\">Por \u00faltimo, Escoto subray\u00f3 la necesidad de complementar la alfabetizaci\u00f3n con un proceso educativo continuo.<\/p>\n<p class=\"mb-[34px]\">Adem\u00e1s, indic\u00f3 que es clave acompa\u00f1ar a las personas que han recibido este entrenamiento para que puedan avanzar al menos uno o dos grados m\u00e1s en escolaridad, evitando que el esfuerzo se revierta.<\/p>\n<p>Fuente TU NOTA<\/p>\n","protected":false},"excerpt":{"rendered":"<p>03.03.2025 Honduras sigue avanzando en su lucha contra el analfabetismo, con al menos 400 mil personas alfabetizadas en los \u00faltimos a\u00f1os. Sin embargo, las autoridades educativas reconocen que el pa\u00eds no podr\u00e1 llegar a un \u00edndice del 0 %. PUBLICIDAD \u00abEso va a ser imposible, ni Cuba, que es el pa\u00eds que m\u00e1s atiende la &hellip;<\/p>\n","protected":false},"author":0,"featured_media":0,"comment_status":"open","ping_status":"open","sticky":false,"template":"","format":"standard","meta":{"_jetpack_memberships_contains_paid_content":false,"footnotes":""},"categories":[5],"tags":[],"class_list":["post-87957","post","type-post","status-publish","format-standard","","category-noticias"],"jetpack_sharing_enabled":true,"jetpack_featured_media_url":"","_links":{"self":[{"href":"https:\/\/mickyandoniehn.com\/radio\/wp-json\/wp\/v2\/posts\/87957","targetHints":{"allow":["GET"]}}],"collection":[{"href":"https:\/\/mickyandoniehn.com\/radio\/wp-json\/wp\/v2\/posts"}],"about":[{"href":"https:\/\/mickyandoniehn.com\/radio\/wp-json\/wp\/v2\/types\/post"}],"replies":[{"embeddable":true,"href":"https:\/\/mickyandoniehn.com\/radio\/wp-json\/wp\/v2\/comments?post=87957"}],"version-history":[{"count":0,"href":"https:\/\/mickyandoniehn.com\/radio\/wp-json\/wp\/v2\/posts\/87957\/revisions"}],"wp:attachment":[{"href":"https:\/\/mickyandoniehn.com\/radio\/wp-json\/wp\/v2\/media?parent=87957"}],"wp:term":[{"taxonomy":"category","embeddable":true,"href":"https:\/\/mickyandoniehn.com\/radio\/wp-json\/wp\/v2\/categories?post=87957"},{"taxonomy":"post_tag","embeddable":true,"href":"https:\/\/mickyandoniehn.com\/radio\/wp-json\/wp\/v2\/tags?post=87957"}],"curies":[{"name":"wp","href":"https:\/\/api.w.org\/{rel}","templated":true}]}}