{"id":87948,"date":"2025-03-03T09:12:44","date_gmt":"2025-03-03T15:12:44","guid":{"rendered":"http:\/\/mickyandoniehn.com\/radio\/2025\/03\/03\/temperaturas-calidas-y-lluvia-debil-en-algunas-regiones-del-pais\/"},"modified":"2025-03-03T09:12:44","modified_gmt":"2025-03-03T15:12:44","slug":"temperaturas-calidas-y-lluvia-debil-en-algunas-regiones-del-pais","status":"publish","type":"post","link":"https:\/\/mickyandoniehn.com\/radio\/2025\/03\/03\/temperaturas-calidas-y-lluvia-debil-en-algunas-regiones-del-pais\/","title":{"rendered":"Temperaturas c\u00e1lidas y lluvia d\u00e9bil en algunas regiones del pa\u00eds"},"content":{"rendered":"<\/p>\n<p>0303.2025<\/p>\n<p><strong>Tegucigalpa-<\/strong>\u00a0Las condiciones del tiempo para este lunes, seg\u00fan el reporte de Copeco, se presentar\u00e1n temperaturas calidas y lluvias d\u00e9biles en la mayor parte del pais.<\/p>\n<p>Seg\u00fan el pronosticador de turno, Will Ochoa, el viento del noreste y este transporta humedad desde el mar Caribe hacia el territorio nacional, produciendo lluvias y chubascos d\u00e9biles dispersos en el oriente y precipitaciones d\u00e9biles aisladas en \u00e1reas del occidente, centro y norte del pa\u00eds, mientras que, en las regiones del sur y suroccidente, contin\u00faan predominando las condiciones secas.<\/p>\n<p>Adem\u00e1s, se encuentra en curso la fase de Luna Nueva.<\/p>\n<p>En cuanto al estado del mar, se pronostica un oleaje para el litoral caribe\u00f1o, con alturas de 1 a 3 pies, mientras que en el Golfo de Fonseca se espera un oleaje igual con alturas entre 1 y 3 pies.<\/p>\n<p>Temperaturas por zonas:<\/p>\n<p>Para la capital, Tegucigalpa, se pronostica una m\u00e1xima de 30\u00b0C y una m\u00ednima de 19\u00b0C.<\/p>\n<p>Por \u00faltimo, se detallan las temperaturas esperadas por zonas geogr\u00e1ficas: en la zona norte, se espera una m\u00e1xima de 32\u00b0C y una m\u00ednima de 23\u00b0C; en el centro, las temperaturas oscilar\u00e1n entre los 32\u00b0C de m\u00e1xima y los 20\u00b0C de m\u00ednima; en el sur, se alcanzar\u00e1n m\u00e1ximas de 38\u00b0C y m\u00ednimas de 25\u00b0C.<\/p>\n<p>En el occidente del pa\u00eds, las temperaturas m\u00e1ximas llegar\u00e1n a los 32\u00b0C, mientras que las m\u00ednimas descender\u00e1n hasta los 25\u00b0C; en la zona insular las temperaturas oscilar\u00e1n entre los 30C de m\u00e1xima y los 24\u00b0C de m\u00ednima; por \u00faltimo, en la regi\u00f3n oriental, se esperan m\u00e1ximas de 33\u00b0C y m\u00ednimas de 20\u00b0C.<\/p>\n<p>Fuente: Proceso digital<\/p>\n","protected":false},"excerpt":{"rendered":"<p>0303.2025 Tegucigalpa-\u00a0Las condiciones del tiempo para este lunes, seg\u00fan el reporte de Copeco, se presentar\u00e1n temperaturas calidas y lluvias d\u00e9biles en la mayor parte del pais. Seg\u00fan el pronosticador de turno, Will Ochoa, el viento del noreste y este transporta humedad desde el mar Caribe hacia el territorio nacional, produciendo lluvias y chubascos d\u00e9biles dispersos &hellip;<\/p>\n","protected":false},"author":0,"featured_media":0,"comment_status":"open","ping_status":"open","sticky":false,"template":"","format":"standard","meta":{"_jetpack_memberships_contains_paid_content":false,"footnotes":""},"categories":[5],"tags":[],"class_list":["post-87948","post","type-post","status-publish","format-standard","","category-noticias"],"jetpack_sharing_enabled":true,"jetpack_featured_media_url":"","_links":{"self":[{"href":"https:\/\/mickyandoniehn.com\/radio\/wp-json\/wp\/v2\/posts\/87948","targetHints":{"allow":["GET"]}}],"collection":[{"href":"https:\/\/mickyandoniehn.com\/radio\/wp-json\/wp\/v2\/posts"}],"about":[{"href":"https:\/\/mickyandoniehn.com\/radio\/wp-json\/wp\/v2\/types\/post"}],"replies":[{"embeddable":true,"href":"https:\/\/mickyandoniehn.com\/radio\/wp-json\/wp\/v2\/comments?post=87948"}],"version-history":[{"count":0,"href":"https:\/\/mickyandoniehn.com\/radio\/wp-json\/wp\/v2\/posts\/87948\/revisions"}],"wp:attachment":[{"href":"https:\/\/mickyandoniehn.com\/radio\/wp-json\/wp\/v2\/media?parent=87948"}],"wp:term":[{"taxonomy":"category","embeddable":true,"href":"https:\/\/mickyandoniehn.com\/radio\/wp-json\/wp\/v2\/categories?post=87948"},{"taxonomy":"post_tag","embeddable":true,"href":"https:\/\/mickyandoniehn.com\/radio\/wp-json\/wp\/v2\/tags?post=87948"}],"curies":[{"name":"wp","href":"https:\/\/api.w.org\/{rel}","templated":true}]}}