{"id":87847,"date":"2025-02-25T14:12:34","date_gmt":"2025-02-25T20:12:34","guid":{"rendered":"http:\/\/mickyandoniehn.com\/radio\/2025\/02\/25\/post-title-21\/"},"modified":"2025-02-25T14:12:34","modified_gmt":"2025-02-25T20:12:34","slug":"post-title-21","status":"publish","type":"post","link":"https:\/\/mickyandoniehn.com\/radio\/2025\/02\/25\/post-title-21\/","title":{"rendered":"Post Title"},"content":{"rendered":"<\/p>\n<p><strong>Estados Unidos. 25.2.2025.<\/strong> Un juez determin\u00f3 el lunes que el presidente de Estados Unidos, Donald Trump, puede vetar a la agencia de noticias Associated Press (AP), pero le pidi\u00f3 reconsiderar su decisi\u00f3n, tomada despu\u00e9s de que el medio decidiera seguir llamando al golfo de M\u00e9xico con su nombre tradicional, en lugar del nuevo nombre \u00abgolfo de Am\u00e9rica\u00bb adoptado por el mandatario.<\/p>\n<p>El juez Trevor McFadden, de la Corte del Distrito de Columbia, rechaz\u00f3 conceder a AP su solicitud para que pusiera en pausa el veto de Trump que impide a los periodistas de la agencia estadounidense acceder al Despacho Oval, a ruedas de prensa del presidente y al avi\u00f3n presidencial Air Force One.<\/p>\n<p>AP anunci\u00f3 el viernes pasado que demand\u00f3 a tres integrantes de la administraci\u00f3n de Trump tras haber sido vetada por no acatar la directriz de referirse al Golfo de M\u00e9xico como \u00abGolfo de Am\u00e9rica\u00bb.<\/p>\n<div class=\"fs-dynamic\"><\/div>\n<p>La agencia aleg\u00f3 que su exclusi\u00f3n vulnera la libertad de expresi\u00f3n protegida por la Primera Enmienda de la Constituci\u00f3n.<\/p>\n<p>McFadden, nombrado por Trump en su primer mandato (2017-2021), argument\u00f3 que AP no pudo demostrar haber sufrido un da\u00f1o irreparable, pero inst\u00f3 al gobierno a reconsiderar su postura, pues consider\u00f3 \u00abproblem\u00e1tico\u00bb que la Casa Blanca haya \u00abdiscriminado\u00bb a un medio de comunicaci\u00f3n.<\/p>\n<p>La Casa Blanca celebr\u00f3 la decisi\u00f3n del juez en un comunicado, afirmando que hacer preguntas al presidente en el Despacho Oval o a bordo del Air Force One es un \u00abprivilegio\u00bb concedido a ciertos periodistas, no un \u00abderecho legal\u00bb de los medios.<\/p>\n<div class=\"fs-dynamic\"><\/div>\n<p>\u00abNos mantenemos firmes en nuestra decisi\u00f3n de exigir responsabilidad a los medios de noticias falsas por sus mentiras, y el presidente Trump seguir\u00e1 proporcionando un nivel de acceso sin precedentes a la prensa. Esta es la administraci\u00f3n m\u00e1s transparente de la historia\u00bb, declar\u00f3 la Casa Blanca.<\/p>\n<p>La denuncia de AP se dirige espec\u00edficamente contra la jefa de gabinete del presidente, Susie Wiles, su n\u00famero dos, Taylor Budowich, y la portavoz de la Casa Blanca, Karoline Leavitt.<\/p>\n<p>En su gu\u00eda de estilo, AP decidi\u00f3 seguir llamando al Golfo de M\u00e9xico por su nombre original, aunque mencionando tambi\u00e9n el nuevo t\u00e9rmino elegido por Trump, al considerar que se trata de un cuerpo de agua que comparte frontera con M\u00e9xico y Cuba.<\/p>\n<div class=\"fs-dynamic\"><\/div>\n<p>Trump firm\u00f3 la orden ejecutiva para renombrarlo como \u00abgolfo de Am\u00e9rica\u00bb el pasado 20 de enero, en su primer d\u00eda tras regresar al poder. Posteriormente, design\u00f3 el 9 de febrero como el \u00abD\u00eda del Golfo de Am\u00e9rica\u00bb. \u00a0<strong>EFE<\/strong><\/p>\n<p>Fuente: La Tribuna.<\/p>\n","protected":false},"excerpt":{"rendered":"<p>Estados Unidos. 25.2.2025. Un juez determin\u00f3 el lunes que el presidente de Estados Unidos, Donald Trump, puede vetar a la agencia de noticias Associated Press (AP), pero le pidi\u00f3 reconsiderar su decisi\u00f3n, tomada despu\u00e9s de que el medio decidiera seguir llamando al golfo de M\u00e9xico con su nombre tradicional, en lugar del nuevo nombre \u00abgolfo &hellip;<\/p>\n","protected":false},"author":0,"featured_media":7332,"comment_status":"open","ping_status":"open","sticky":false,"template":"","format":"standard","meta":{"_jetpack_memberships_contains_paid_content":false,"footnotes":""},"categories":[5],"tags":[],"class_list":["post-87847","post","type-post","status-publish","format-standard","has-post-thumbnail","","category-noticias"],"jetpack_sharing_enabled":true,"jetpack_featured_media_url":"https:\/\/mickyandoniehn.com\/radio\/wp-content\/uploads\/2022\/01\/61deb70f3b5d7-zZ677J.jpeg","_links":{"self":[{"href":"https:\/\/mickyandoniehn.com\/radio\/wp-json\/wp\/v2\/posts\/87847","targetHints":{"allow":["GET"]}}],"collection":[{"href":"https:\/\/mickyandoniehn.com\/radio\/wp-json\/wp\/v2\/posts"}],"about":[{"href":"https:\/\/mickyandoniehn.com\/radio\/wp-json\/wp\/v2\/types\/post"}],"replies":[{"embeddable":true,"href":"https:\/\/mickyandoniehn.com\/radio\/wp-json\/wp\/v2\/comments?post=87847"}],"version-history":[{"count":0,"href":"https:\/\/mickyandoniehn.com\/radio\/wp-json\/wp\/v2\/posts\/87847\/revisions"}],"wp:featuredmedia":[{"embeddable":true,"href":"https:\/\/mickyandoniehn.com\/radio\/wp-json\/wp\/v2\/media\/7332"}],"wp:attachment":[{"href":"https:\/\/mickyandoniehn.com\/radio\/wp-json\/wp\/v2\/media?parent=87847"}],"wp:term":[{"taxonomy":"category","embeddable":true,"href":"https:\/\/mickyandoniehn.com\/radio\/wp-json\/wp\/v2\/categories?post=87847"},{"taxonomy":"post_tag","embeddable":true,"href":"https:\/\/mickyandoniehn.com\/radio\/wp-json\/wp\/v2\/tags?post=87847"}],"curies":[{"name":"wp","href":"https:\/\/api.w.org\/{rel}","templated":true}]}}