{"id":87792,"date":"2025-02-24T08:16:54","date_gmt":"2025-02-24T14:16:54","guid":{"rendered":"http:\/\/mickyandoniehn.com\/radio\/2025\/02\/24\/feligreses-hondurenos-oran-por-la-salud-del-papa-francisco\/"},"modified":"2025-02-24T08:16:54","modified_gmt":"2025-02-24T14:16:54","slug":"feligreses-hondurenos-oran-por-la-salud-del-papa-francisco","status":"publish","type":"post","link":"https:\/\/mickyandoniehn.com\/radio\/2025\/02\/24\/feligreses-hondurenos-oran-por-la-salud-del-papa-francisco\/","title":{"rendered":"Feligreses hondure\u00f1os oran por la salud del papa Francisco"},"content":{"rendered":"<p>24.02.2025<\/p>\n<\/p>\n<p>Decenas de feligreses acudieron este domingo a la Bas\u00edlica Menor Nuestra Se\u00f1ora de Suyapa para encender velas y elevar oraciones por la salud del papa Francisco, quien permanece hospitalizado desde hace nueve d\u00edas en Roma.<\/p>\n<p>El recinto sagrado, que a inicios de mes recibi\u00f3 a miles de peregrinos en honor a la Virgen de Suyapa, volvi\u00f3 a llenarse, esta vez con devotos que claman por la recuperaci\u00f3n del sumo pont\u00edfice. La sala de velas de la Bas\u00edlica Menor y del templo peque\u00f1o lucieron abarrotadas con creyentes que depositaron su fe en la intercesi\u00f3n divina.<\/p>\n<p>Seg\u00fan el \u00faltimo reporte de Vatican News, el papa Francisco ha recibido transfusiones de sangre debido a una afecci\u00f3n relacionada con la anemia, y su estado de salud sigue siendo reservado. Ante esta situaci\u00f3n, la Iglesia Cat\u00f3lica ha instado a la comunidad a mantenerse en oraci\u00f3n por la pronta recuperaci\u00f3n del l\u00edder espiritual de m\u00e1s de 1,300 millones de cat\u00f3licos en el mundo.<\/p>\n<div class=\"fs-dynamic\">\n<p>En Honduras, todas las misas celebradas este domingo incluyeron plegarias por el papa Francisco, y los l\u00edderes religiosos exhortaron a los fieles a continuar orando por su salud.<\/p>\n<p>La devoci\u00f3n de los hondure\u00f1os se ha manifestado en cada vela encendida y cada oraci\u00f3n pronunciada, en una muestra de fe y unidad por el bienestar del vicario de Cristo en la Tierra.<\/p>\n<p>Fuente: Diario La Tribuna<\/p>\n<\/div>\n","protected":false},"excerpt":{"rendered":"<p>24.02.2025 Decenas de feligreses acudieron este domingo a la Bas\u00edlica Menor Nuestra Se\u00f1ora de Suyapa para encender velas y elevar oraciones por la salud del papa Francisco, quien permanece hospitalizado desde hace nueve d\u00edas en Roma. El recinto sagrado, que a inicios de mes recibi\u00f3 a miles de peregrinos en honor a la Virgen de &hellip;<\/p>\n","protected":false},"author":0,"featured_media":0,"comment_status":"open","ping_status":"open","sticky":false,"template":"","format":"standard","meta":{"_jetpack_memberships_contains_paid_content":false,"footnotes":""},"categories":[5],"tags":[],"class_list":["post-87792","post","type-post","status-publish","format-standard","","category-noticias"],"jetpack_sharing_enabled":true,"jetpack_featured_media_url":"","_links":{"self":[{"href":"https:\/\/mickyandoniehn.com\/radio\/wp-json\/wp\/v2\/posts\/87792","targetHints":{"allow":["GET"]}}],"collection":[{"href":"https:\/\/mickyandoniehn.com\/radio\/wp-json\/wp\/v2\/posts"}],"about":[{"href":"https:\/\/mickyandoniehn.com\/radio\/wp-json\/wp\/v2\/types\/post"}],"replies":[{"embeddable":true,"href":"https:\/\/mickyandoniehn.com\/radio\/wp-json\/wp\/v2\/comments?post=87792"}],"version-history":[{"count":0,"href":"https:\/\/mickyandoniehn.com\/radio\/wp-json\/wp\/v2\/posts\/87792\/revisions"}],"wp:attachment":[{"href":"https:\/\/mickyandoniehn.com\/radio\/wp-json\/wp\/v2\/media?parent=87792"}],"wp:term":[{"taxonomy":"category","embeddable":true,"href":"https:\/\/mickyandoniehn.com\/radio\/wp-json\/wp\/v2\/categories?post=87792"},{"taxonomy":"post_tag","embeddable":true,"href":"https:\/\/mickyandoniehn.com\/radio\/wp-json\/wp\/v2\/tags?post=87792"}],"curies":[{"name":"wp","href":"https:\/\/api.w.org\/{rel}","templated":true}]}}