{"id":87753,"date":"2025-02-21T10:12:33","date_gmt":"2025-02-21T16:12:33","guid":{"rendered":"http:\/\/mickyandoniehn.com\/radio\/2025\/02\/21\/empleados-del-hospital-escuela-vuelven-a-protestar-por-falta-de-pago\/"},"modified":"2025-02-21T10:12:33","modified_gmt":"2025-02-21T16:12:33","slug":"empleados-del-hospital-escuela-vuelven-a-protestar-por-falta-de-pago","status":"publish","type":"post","link":"https:\/\/mickyandoniehn.com\/radio\/2025\/02\/21\/empleados-del-hospital-escuela-vuelven-a-protestar-por-falta-de-pago\/","title":{"rendered":"Empleados del Hospital Escuela vuelven a protestar por falta de pago"},"content":{"rendered":"<\/p>\n<p>21.02.2025<\/p>\n<p><strong>Tegucigalpa\u00a0<\/strong>\u2013 Este viernes un grupo de empleados del Hospital Escuela volvi\u00f3 a protestar por la falta de pagos de salarios.<\/p>\n<p>Ana Roque, representantes de las enfermeras dijo que a la protesta se unieron personal m\u00e9dico y administrativo.<\/p>\n<p>Sin el abandono de las \u00e1reas vitales los inconformes se agruparon en la entrada del nosocomio y acordaron caminar hasta la Secretar\u00eda de Salud (Sesal), en el centro de la capital para exigir el pago de salarios atrasados.<\/p>\n<p>Roque explic\u00f3 que a algunos empleados todav\u00eda no les ha pagado siquiera el mes de diciembre.<\/p>\n<p>A otros no se les ha pagado enero y el pago de febrero no se ha realizado a nadie, dijo.<\/p>\n<p>En ese sentido, exigieron a las autoridades cumplir con los compromisos adquiridos.<\/p>\n<p>Este centro asistencial atraviesa una crisis institucional a causa de una infestaci\u00f3n de plagas que da\u00f1an el equipo y pone en riesgo la salud de los pacientes y del personal, denunci\u00f3 en las \u00faltimas horas el sindicato de trabajadores.<\/p>\n<p>Fuente proceso digital<\/p>\n","protected":false},"excerpt":{"rendered":"<p>21.02.2025 Tegucigalpa\u00a0\u2013 Este viernes un grupo de empleados del Hospital Escuela volvi\u00f3 a protestar por la falta de pagos de salarios. Ana Roque, representantes de las enfermeras dijo que a la protesta se unieron personal m\u00e9dico y administrativo. Sin el abandono de las \u00e1reas vitales los inconformes se agruparon en la entrada del nosocomio y &hellip;<\/p>\n","protected":false},"author":0,"featured_media":0,"comment_status":"open","ping_status":"open","sticky":false,"template":"","format":"standard","meta":{"_jetpack_memberships_contains_paid_content":false,"footnotes":""},"categories":[5],"tags":[],"class_list":["post-87753","post","type-post","status-publish","format-standard","","category-noticias"],"jetpack_sharing_enabled":true,"jetpack_featured_media_url":"","_links":{"self":[{"href":"https:\/\/mickyandoniehn.com\/radio\/wp-json\/wp\/v2\/posts\/87753","targetHints":{"allow":["GET"]}}],"collection":[{"href":"https:\/\/mickyandoniehn.com\/radio\/wp-json\/wp\/v2\/posts"}],"about":[{"href":"https:\/\/mickyandoniehn.com\/radio\/wp-json\/wp\/v2\/types\/post"}],"replies":[{"embeddable":true,"href":"https:\/\/mickyandoniehn.com\/radio\/wp-json\/wp\/v2\/comments?post=87753"}],"version-history":[{"count":0,"href":"https:\/\/mickyandoniehn.com\/radio\/wp-json\/wp\/v2\/posts\/87753\/revisions"}],"wp:attachment":[{"href":"https:\/\/mickyandoniehn.com\/radio\/wp-json\/wp\/v2\/media?parent=87753"}],"wp:term":[{"taxonomy":"category","embeddable":true,"href":"https:\/\/mickyandoniehn.com\/radio\/wp-json\/wp\/v2\/categories?post=87753"},{"taxonomy":"post_tag","embeddable":true,"href":"https:\/\/mickyandoniehn.com\/radio\/wp-json\/wp\/v2\/tags?post=87753"}],"curies":[{"name":"wp","href":"https:\/\/api.w.org\/{rel}","templated":true}]}}