{"id":87750,"date":"2025-02-21T10:12:31","date_gmt":"2025-02-21T16:12:31","guid":{"rendered":"http:\/\/mickyandoniehn.com\/radio\/2025\/02\/21\/la-reaccion-del-papa-al-nuevo-tratamiento-se-podra-conocer-entre-hoy-y-manana\/"},"modified":"2025-02-21T10:12:31","modified_gmt":"2025-02-21T16:12:31","slug":"la-reaccion-del-papa-al-nuevo-tratamiento-se-podra-conocer-entre-hoy-y-manana","status":"publish","type":"post","link":"https:\/\/mickyandoniehn.com\/radio\/2025\/02\/21\/la-reaccion-del-papa-al-nuevo-tratamiento-se-podra-conocer-entre-hoy-y-manana\/","title":{"rendered":"La reacci\u00f3n del papa al nuevo tratamiento se podr\u00e1 conocer \u00abentre hoy y ma\u00f1ana\u00bb"},"content":{"rendered":"<\/p>\n<p>21.02.2025<\/p>\n<p>La reacci\u00f3n del papa Francisco al nuevo tratamiento que recibe en el hospital Gemelli de Roma por la neumon\u00eda bilateral que padece se podr\u00e1 conocer \u00abentre hoy y ma\u00f1ana\u00bb, indicaron este jueves fuentes vaticanas, al cumplirse el octavo d\u00eda desde su ingreso.<\/p>\n<p>\u00abEntre hoy y ma\u00f1ana se sabr\u00e1 c\u00f3mo reacciona el Papa a la nueva terapia farmacol\u00f3gica\u00bb, indicaron las fuentes, a la espera de la pr\u00f3xima comunicaci\u00f3n m\u00e9dica sobre el pont\u00edfice en las pr\u00f3ximas horas.<\/p>\n<p>En el \u00faltimo parte m\u00e9dico, este jueves, la San Sede indic\u00f3 que el pont\u00edfice, que sufre una neumon\u00eda bilateral, ha experimentado una \u00ableve mejor\u00eda\u00bb, no presenta fiebre y sus param\u00e9tros hemodin\u00e1micos son \u00abestables\u00bb, indic\u00f3 este jueves la Santa Sede, en su \u00faltimo bolet\u00edn m\u00e9dico.<\/p>\n<p>El papa contin\u00faa con su actividad laboral y recibe la visita de sus colaboradores m\u00e1s cercanos, seg\u00fan las fuentes, que explicaron que Francisco pasa el tiempo entre la cama y el sill\u00f3n y respira de forma aut\u00f3noma.<\/p>\n<p>Tambi\u00e9n indicaron que a\u00fan no se ha tomado ninguna decisi\u00f3n sobre c\u00f3mo se llevar\u00e1 a cabo el rezo del \u00c1ngelus el pr\u00f3ximo domingo.<\/p>\n<p>\u00abLa noche ha transcurrido bien. Esta ma\u00f1ana el papa se ha levantado y ha desayunado\u00bb, inform\u00f3 este viernes el Vaticano, que a lo largo de la jornada comunicar\u00e1 la evoluci\u00f3n m\u00e9dica del pont\u00edfice.<\/p>\n<p>El pont\u00edfice, de 88 a\u00f1os, fue ingresado el pasado viernes en el hospital Gemelli de Roma por sus problemas de respiraci\u00f3n, que resultaron deberse a una bronquitis por infecci\u00f3n polimicrobiol\u00f3gica a la que se sum\u00f3 una neumon\u00eda bilateral.<\/p>\n<p>No obstante, las fuentes se\u00f1alaron que se trata de una neumon\u00eda localizada en determinados l\u00f3bulos o puntos del pulm\u00f3n del papa.<\/p>\n<p>Desde su hospitalizaci\u00f3n, hace una semana, su cuadro cl\u00ednico ha sido calificado de \u00abcomplejo\u00bb y ha requerido una terapia farmacol\u00f3gica adicional.<\/p>\n<p>Sin embargo, tras el bolet\u00edn del martes, que levant\u00f3 preocupaci\u00f3n sobre la situaci\u00f3n del pont\u00edfice al revelar que le hab\u00eda aparecido la neumon\u00eda bilateral, la \u00faltimas comunicaciones del Vaticano apuntan a una \u00abligera mejor\u00eda\u00bb.<\/p>\n<p>Fuente:proceso digital<\/p>\n","protected":false},"excerpt":{"rendered":"<p>21.02.2025 La reacci\u00f3n del papa Francisco al nuevo tratamiento que recibe en el hospital Gemelli de Roma por la neumon\u00eda bilateral que padece se podr\u00e1 conocer \u00abentre hoy y ma\u00f1ana\u00bb, indicaron este jueves fuentes vaticanas, al cumplirse el octavo d\u00eda desde su ingreso. \u00abEntre hoy y ma\u00f1ana se sabr\u00e1 c\u00f3mo reacciona el Papa a la &hellip;<\/p>\n","protected":false},"author":0,"featured_media":0,"comment_status":"open","ping_status":"open","sticky":false,"template":"","format":"standard","meta":{"_jetpack_memberships_contains_paid_content":false,"footnotes":""},"categories":[5],"tags":[],"class_list":["post-87750","post","type-post","status-publish","format-standard","","category-noticias"],"jetpack_sharing_enabled":true,"jetpack_featured_media_url":"","_links":{"self":[{"href":"https:\/\/mickyandoniehn.com\/radio\/wp-json\/wp\/v2\/posts\/87750","targetHints":{"allow":["GET"]}}],"collection":[{"href":"https:\/\/mickyandoniehn.com\/radio\/wp-json\/wp\/v2\/posts"}],"about":[{"href":"https:\/\/mickyandoniehn.com\/radio\/wp-json\/wp\/v2\/types\/post"}],"replies":[{"embeddable":true,"href":"https:\/\/mickyandoniehn.com\/radio\/wp-json\/wp\/v2\/comments?post=87750"}],"version-history":[{"count":0,"href":"https:\/\/mickyandoniehn.com\/radio\/wp-json\/wp\/v2\/posts\/87750\/revisions"}],"wp:attachment":[{"href":"https:\/\/mickyandoniehn.com\/radio\/wp-json\/wp\/v2\/media?parent=87750"}],"wp:term":[{"taxonomy":"category","embeddable":true,"href":"https:\/\/mickyandoniehn.com\/radio\/wp-json\/wp\/v2\/categories?post=87750"},{"taxonomy":"post_tag","embeddable":true,"href":"https:\/\/mickyandoniehn.com\/radio\/wp-json\/wp\/v2\/tags?post=87750"}],"curies":[{"name":"wp","href":"https:\/\/api.w.org\/{rel}","templated":true}]}}