{"id":87748,"date":"2025-02-21T09:12:34","date_gmt":"2025-02-21T15:12:34","guid":{"rendered":"http:\/\/mickyandoniehn.com\/radio\/2025\/02\/21\/estrenan-oficialmente-pelicula-hondurena-el-hombre-se-ha-vuelto-loco\/"},"modified":"2025-02-21T09:12:34","modified_gmt":"2025-02-21T15:12:34","slug":"estrenan-oficialmente-pelicula-hondurena-el-hombre-se-ha-vuelto-loco","status":"publish","type":"post","link":"https:\/\/mickyandoniehn.com\/radio\/2025\/02\/21\/estrenan-oficialmente-pelicula-hondurena-el-hombre-se-ha-vuelto-loco\/","title":{"rendered":"Estrenan oficialmente pel\u00edcula hondure\u00f1a \u00abEl hombre se ha vuelto loco\u00bb"},"content":{"rendered":"<\/p>\n<p>21.02.2025<\/p>\n<p>\u00a1Una pel\u00edcula que vale la pena ver para seguir apoyando el talento catracho! La producci\u00f3n de\u00a0<strong>\u00abEl hombre se ha vuelto loco\u00bb<\/strong>\u00a0dirigidda por el talentoso cineasta Abraham Espinoza se estren\u00f3 oficialmente este 20 de febrero en la gran pantalla. \u00a1Qu\u00e9 macizo!<\/p>\n<h2>Estrenan oficialmente pel\u00edcula hondure\u00f1a \u00abEl hombre se ha vuelto loco\u00bb<\/h2>\n<p>La pel\u00edcula hondure\u00f1a \u00abEl hombre se ha vuelto loco\u00bb tuvo el reconocimietno como\u00a0<strong>la mejor pel\u00edcula de comedia de<\/strong>\u00a0<strong>2025<\/strong>. \u00a1No te la puedes perder!<\/p>\n<p>El evento de\u00a0<strong>estreno se llev\u00f3 oficialmente el 20 de febrero<\/strong>\u00a0e hizo re\u00edr a todos los hondure\u00f1os presentes durante su presentaci\u00f3n.<\/p>\n<p>Faltan\u00a0<strong>solo unos d\u00edas para que la pel\u00edcula est\u00e9 disponible\u00a0<\/strong>en los cines de Honduras y puedas disfrutar de la incre\u00edble pel\u00edcula catracha que no solo destaca por su comedio sino tambi\u00e9n su calidad cinematogr\u00e1fica que caracteiza a Abraham Espinoza.<\/p>\n<p>Fuente: Honduras.com<\/p>\n","protected":false},"excerpt":{"rendered":"<p>21.02.2025 \u00a1Una pel\u00edcula que vale la pena ver para seguir apoyando el talento catracho! La producci\u00f3n de\u00a0\u00abEl hombre se ha vuelto loco\u00bb\u00a0dirigidda por el talentoso cineasta Abraham Espinoza se estren\u00f3 oficialmente este 20 de febrero en la gran pantalla. \u00a1Qu\u00e9 macizo! Estrenan oficialmente pel\u00edcula hondure\u00f1a \u00abEl hombre se ha vuelto loco\u00bb La pel\u00edcula hondure\u00f1a \u00abEl &hellip;<\/p>\n","protected":false},"author":0,"featured_media":0,"comment_status":"open","ping_status":"open","sticky":false,"template":"","format":"standard","meta":{"_jetpack_memberships_contains_paid_content":false,"footnotes":""},"categories":[5],"tags":[],"class_list":["post-87748","post","type-post","status-publish","format-standard","","category-noticias"],"jetpack_sharing_enabled":true,"jetpack_featured_media_url":"","_links":{"self":[{"href":"https:\/\/mickyandoniehn.com\/radio\/wp-json\/wp\/v2\/posts\/87748","targetHints":{"allow":["GET"]}}],"collection":[{"href":"https:\/\/mickyandoniehn.com\/radio\/wp-json\/wp\/v2\/posts"}],"about":[{"href":"https:\/\/mickyandoniehn.com\/radio\/wp-json\/wp\/v2\/types\/post"}],"replies":[{"embeddable":true,"href":"https:\/\/mickyandoniehn.com\/radio\/wp-json\/wp\/v2\/comments?post=87748"}],"version-history":[{"count":0,"href":"https:\/\/mickyandoniehn.com\/radio\/wp-json\/wp\/v2\/posts\/87748\/revisions"}],"wp:attachment":[{"href":"https:\/\/mickyandoniehn.com\/radio\/wp-json\/wp\/v2\/media?parent=87748"}],"wp:term":[{"taxonomy":"category","embeddable":true,"href":"https:\/\/mickyandoniehn.com\/radio\/wp-json\/wp\/v2\/categories?post=87748"},{"taxonomy":"post_tag","embeddable":true,"href":"https:\/\/mickyandoniehn.com\/radio\/wp-json\/wp\/v2\/tags?post=87748"}],"curies":[{"name":"wp","href":"https:\/\/api.w.org\/{rel}","templated":true}]}}