{"id":87745,"date":"2025-02-21T09:12:31","date_gmt":"2025-02-21T15:12:31","guid":{"rendered":"http:\/\/mickyandoniehn.com\/radio\/2025\/02\/21\/taekwondo-hondureno-viaja-a-mexico-para-recibir-taller-de-especializacion\/"},"modified":"2025-02-21T09:12:31","modified_gmt":"2025-02-21T15:12:31","slug":"taekwondo-hondureno-viaja-a-mexico-para-recibir-taller-de-especializacion","status":"publish","type":"post","link":"https:\/\/mickyandoniehn.com\/radio\/2025\/02\/21\/taekwondo-hondureno-viaja-a-mexico-para-recibir-taller-de-especializacion\/","title":{"rendered":"Taekwondo hondure\u00f1o viaja a M\u00e9xico para recibir Taller de Especializaci\u00f3n"},"content":{"rendered":"<\/p>\n<p>21.02.2025<\/p>\n<p>\u00a1Qu\u00e9 macizo! La delegaci\u00f3n de\u00a0<strong><a href=\"https:\/\/www.honduras.com\/deportes\/taekwondo\/taekwondo-de-honduras-entrenara-en-san-luis-potosi-mexico\/\">taekwondo<\/a>\u00a0hondure\u00f1o<\/strong>\u00a0viaj\u00f3, en horas de la madrugada, a la ciudad de Monterrey,\u00a0<strong>M\u00e9xico<\/strong>, con el objetivo de capacitarse en el Taller de Especializaci\u00f3n de Poomsae y Frestyle.<\/p>\n<p>Un peque\u00f1o grupo de seleccionados realizaron la expedici\u00f3n rumbo a tierras regio montanas, para las pr\u00e1cticas que se llevar\u00e1n a cabo entre el 21 al 23 de febrero.<\/p>\n<p>En ese sentido, los atletas catrachos que partieron a suelo azteca, fueron conformados por la selecci\u00f3n sub-22 y algunos de la mayor, como ser Samuel Nolasco, Alix Flores, Michael Mej\u00eda y Ester Salgado \u00c1valos, as\u00ed como el Sub Director Nacional de Poomsae de la Federaci\u00f3n Nacional de\u00a0<strong>Taekwondo<\/strong>, el maestro Mario Z\u00faniga.<\/p>\n<p>El objetivo de dicha concentraci\u00f3n es que nuestros deportistas puedan prepararse, de la mejor manera posible, de cara a los principales eventos deportivos m\u00e1s importantes de 2025, que son los Juegos Panamericanos Juveniles y, por supuesto, los Juegos Centroamericanos.<\/p>\n<p>De igual manera, el\u00a0<strong>taekwondo hondure\u00f1o<\/strong>\u00a0seguir\u00e1 visitando\u00a0<strong>M\u00e9xico<\/strong>, debido a que, en el mes de marzo, estar\u00e1n entrenando en San Luis Potos\u00ed, para afrontar el torneo Pan Am Series en Quer\u00e9taro. \u00a1Lo que se viene!<\/p>\n<\/p>\n<p>Fuente; Honduras.com<\/p>\n","protected":false},"excerpt":{"rendered":"<p>21.02.2025 \u00a1Qu\u00e9 macizo! La delegaci\u00f3n de\u00a0taekwondo\u00a0hondure\u00f1o\u00a0viaj\u00f3, en horas de la madrugada, a la ciudad de Monterrey,\u00a0M\u00e9xico, con el objetivo de capacitarse en el Taller de Especializaci\u00f3n de Poomsae y Frestyle. Un peque\u00f1o grupo de seleccionados realizaron la expedici\u00f3n rumbo a tierras regio montanas, para las pr\u00e1cticas que se llevar\u00e1n a cabo entre el 21 al &hellip;<\/p>\n","protected":false},"author":0,"featured_media":0,"comment_status":"open","ping_status":"open","sticky":false,"template":"","format":"standard","meta":{"_jetpack_memberships_contains_paid_content":false,"footnotes":""},"categories":[5],"tags":[],"class_list":["post-87745","post","type-post","status-publish","format-standard","","category-noticias"],"jetpack_sharing_enabled":true,"jetpack_featured_media_url":"","_links":{"self":[{"href":"https:\/\/mickyandoniehn.com\/radio\/wp-json\/wp\/v2\/posts\/87745","targetHints":{"allow":["GET"]}}],"collection":[{"href":"https:\/\/mickyandoniehn.com\/radio\/wp-json\/wp\/v2\/posts"}],"about":[{"href":"https:\/\/mickyandoniehn.com\/radio\/wp-json\/wp\/v2\/types\/post"}],"replies":[{"embeddable":true,"href":"https:\/\/mickyandoniehn.com\/radio\/wp-json\/wp\/v2\/comments?post=87745"}],"version-history":[{"count":0,"href":"https:\/\/mickyandoniehn.com\/radio\/wp-json\/wp\/v2\/posts\/87745\/revisions"}],"wp:attachment":[{"href":"https:\/\/mickyandoniehn.com\/radio\/wp-json\/wp\/v2\/media?parent=87745"}],"wp:term":[{"taxonomy":"category","embeddable":true,"href":"https:\/\/mickyandoniehn.com\/radio\/wp-json\/wp\/v2\/categories?post=87745"},{"taxonomy":"post_tag","embeddable":true,"href":"https:\/\/mickyandoniehn.com\/radio\/wp-json\/wp\/v2\/tags?post=87745"}],"curies":[{"name":"wp","href":"https:\/\/api.w.org\/{rel}","templated":true}]}}