{"id":87678,"date":"2025-02-20T16:12:34","date_gmt":"2025-02-20T22:12:34","guid":{"rendered":"http:\/\/mickyandoniehn.com\/radio\/2025\/02\/20\/con-toma-de-carreteras-exigen-docentes-en-cofradia-cortes\/"},"modified":"2025-02-20T16:12:34","modified_gmt":"2025-02-20T22:12:34","slug":"con-toma-de-carreteras-exigen-docentes-en-cofradia-cortes","status":"publish","type":"post","link":"https:\/\/mickyandoniehn.com\/radio\/2025\/02\/20\/con-toma-de-carreteras-exigen-docentes-en-cofradia-cortes\/","title":{"rendered":"Con toma de carreteras exigen docentes en Cofrad\u00eda, Cort\u00e9s"},"content":{"rendered":"<\/p>\n<p><strong>Tegucigalpa-\u00a0<\/strong>Padres de familia y estudiantes protestan este jueves en la carretera CA-5 a la altura de Cofrad\u00eda, Cort\u00e9s.<\/p>\n<p>Los protestantes manifiestan su rechazo por supuestos traslados de docentes y la falta de infraestructura digna en la escuela Rep\u00fablica de M\u00e9xico y otros institutos de la zona.<\/p>\n<p>\u201cEsto no es de ahorita, es de a\u00f1os, siempre hemos tenido este problema siempre nos quitan los maestros, siempre dicen que van a enviar otros maestros y es mentira, ya aprendimos que en la calle si somos escuchados\u201d, manifestaron los padres de familia.<\/p>\n<p>Desde tempranas horas los padres de familia y estudiantes de la escuela bloquearon el tr\u00e1nsito e instalaron llantas para incinerarlas como parte de las medidas de presi\u00f3n.<\/p>\n<p>\u201cNosotros no tenemos maestros, hay cinco pero de esos cinco nos quieren quitar dos y tres son prestados, entonces cerrar\u00e1n la escuela y afectar\u00e1n a m\u00e1s de 150 alumnos, exigimos maestros\u201d, sentenci\u00f3.<\/p>\n<p>Afirmaron que no se mover\u00edan del lugar hasta obtener respuestas.<\/p>\n<p>Fuente: Proceso Digital<\/p>\n<p>\u00a0<\/p>\n","protected":false},"excerpt":{"rendered":"<p>Tegucigalpa-\u00a0Padres de familia y estudiantes protestan este jueves en la carretera CA-5 a la altura de Cofrad\u00eda, Cort\u00e9s. Los protestantes manifiestan su rechazo por supuestos traslados de docentes y la falta de infraestructura digna en la escuela Rep\u00fablica de M\u00e9xico y otros institutos de la zona. \u201cEsto no es de ahorita, es de a\u00f1os, siempre &hellip;<\/p>\n","protected":false},"author":0,"featured_media":0,"comment_status":"open","ping_status":"open","sticky":false,"template":"","format":"standard","meta":{"_jetpack_memberships_contains_paid_content":false,"footnotes":""},"categories":[5],"tags":[],"class_list":["post-87678","post","type-post","status-publish","format-standard","","category-noticias"],"jetpack_sharing_enabled":true,"jetpack_featured_media_url":"","_links":{"self":[{"href":"https:\/\/mickyandoniehn.com\/radio\/wp-json\/wp\/v2\/posts\/87678","targetHints":{"allow":["GET"]}}],"collection":[{"href":"https:\/\/mickyandoniehn.com\/radio\/wp-json\/wp\/v2\/posts"}],"about":[{"href":"https:\/\/mickyandoniehn.com\/radio\/wp-json\/wp\/v2\/types\/post"}],"replies":[{"embeddable":true,"href":"https:\/\/mickyandoniehn.com\/radio\/wp-json\/wp\/v2\/comments?post=87678"}],"version-history":[{"count":0,"href":"https:\/\/mickyandoniehn.com\/radio\/wp-json\/wp\/v2\/posts\/87678\/revisions"}],"wp:attachment":[{"href":"https:\/\/mickyandoniehn.com\/radio\/wp-json\/wp\/v2\/media?parent=87678"}],"wp:term":[{"taxonomy":"category","embeddable":true,"href":"https:\/\/mickyandoniehn.com\/radio\/wp-json\/wp\/v2\/categories?post=87678"},{"taxonomy":"post_tag","embeddable":true,"href":"https:\/\/mickyandoniehn.com\/radio\/wp-json\/wp\/v2\/tags?post=87678"}],"curies":[{"name":"wp","href":"https:\/\/api.w.org\/{rel}","templated":true}]}}