{"id":87677,"date":"2025-02-20T16:12:33","date_gmt":"2025-02-20T22:12:33","guid":{"rendered":"http:\/\/mickyandoniehn.com\/radio\/2025\/02\/20\/canciller-reitera-que-continua-el-dialogo-para-la-extension-del-tps-para-hondurenos\/"},"modified":"2025-02-20T16:12:33","modified_gmt":"2025-02-20T22:12:33","slug":"canciller-reitera-que-continua-el-dialogo-para-la-extension-del-tps-para-hondurenos","status":"publish","type":"post","link":"https:\/\/mickyandoniehn.com\/radio\/2025\/02\/20\/canciller-reitera-que-continua-el-dialogo-para-la-extension-del-tps-para-hondurenos\/","title":{"rendered":"Canciller reitera que contin\u00faa el di\u00e1logo para la extensi\u00f3n del TPS para hondure\u00f1os"},"content":{"rendered":"<\/p>\n<p><strong>Tegucigalpa-<\/strong>\u00a0El canciller de la Rep\u00fablica, Eduardo Enrique Reina, reafirm\u00f3 el compromiso del gobierno hondure\u00f1o en la b\u00fasqueda de una extensi\u00f3n del Estatus de Protecci\u00f3n Temporal (TPS) para los connacionales en Estados Unidos.<\/p>\n<p>\u00abPara nosotros es muy importante el TPS y lo hemos puesto sobre la mesa. Al final, es una decisi\u00f3n de los Estados Unidos, en eso estamos muy claros, pero vamos a seguir buscando la forma de que se extienda por otro periodo adicional o encontrar mecanismos para regularizarlo\u00bb, declar\u00f3 Reina.<\/p>\n<p>Seg\u00fan la Canciller\u00eda de Honduras, el pa\u00eds est\u00e1 a la espera de la determinaci\u00f3n de la administraci\u00f3n estadounidense sobre el futuro del TPS. En el caso de los hondure\u00f1os, la actual designaci\u00f3n culmina el 5 de julio de 2025, por lo que cualquier extensi\u00f3n debe definirse al menos 60 d\u00edas antes de esa fecha.<\/p>\n<p>Reiteramos que el Estatus de Protecci\u00f3n Temporal para los hondure\u00f1os seguir\u00e1 siendo una prioridad en nuestra agenda de trabajo con la nueva administraci\u00f3n estadounidense, enfatiz\u00f3 el canciller.<\/p>\n<p>El programa TPS otorga permisos de trabajo y residencia legal temporal a ciudadanos de pa\u00edses afectados por desastres naturales o conflictos. En el caso de Honduras, m\u00e1s de 44 mil connacionales se benefician de este programa.<\/p>\n<p>En cuanto a los vuelos de retornados, Reina subray\u00f3 la importancia de garantizar la seguridad y dignidad de los migrantes. \u00abSiempre estamos esperando que se respete la dignidad y se garantice el retorno seguro de los migrantes\u00bb, concluy\u00f3<\/p>\n<p>Fuente: Proceso Digital<\/p>\n","protected":false},"excerpt":{"rendered":"<p>Tegucigalpa-\u00a0El canciller de la Rep\u00fablica, Eduardo Enrique Reina, reafirm\u00f3 el compromiso del gobierno hondure\u00f1o en la b\u00fasqueda de una extensi\u00f3n del Estatus de Protecci\u00f3n Temporal (TPS) para los connacionales en Estados Unidos. \u00abPara nosotros es muy importante el TPS y lo hemos puesto sobre la mesa. Al final, es una decisi\u00f3n de los Estados Unidos, &hellip;<\/p>\n","protected":false},"author":0,"featured_media":0,"comment_status":"open","ping_status":"open","sticky":false,"template":"","format":"standard","meta":{"_jetpack_memberships_contains_paid_content":false,"footnotes":""},"categories":[5],"tags":[],"class_list":["post-87677","post","type-post","status-publish","format-standard","","category-noticias"],"jetpack_sharing_enabled":true,"jetpack_featured_media_url":"","_links":{"self":[{"href":"https:\/\/mickyandoniehn.com\/radio\/wp-json\/wp\/v2\/posts\/87677","targetHints":{"allow":["GET"]}}],"collection":[{"href":"https:\/\/mickyandoniehn.com\/radio\/wp-json\/wp\/v2\/posts"}],"about":[{"href":"https:\/\/mickyandoniehn.com\/radio\/wp-json\/wp\/v2\/types\/post"}],"replies":[{"embeddable":true,"href":"https:\/\/mickyandoniehn.com\/radio\/wp-json\/wp\/v2\/comments?post=87677"}],"version-history":[{"count":0,"href":"https:\/\/mickyandoniehn.com\/radio\/wp-json\/wp\/v2\/posts\/87677\/revisions"}],"wp:attachment":[{"href":"https:\/\/mickyandoniehn.com\/radio\/wp-json\/wp\/v2\/media?parent=87677"}],"wp:term":[{"taxonomy":"category","embeddable":true,"href":"https:\/\/mickyandoniehn.com\/radio\/wp-json\/wp\/v2\/categories?post=87677"},{"taxonomy":"post_tag","embeddable":true,"href":"https:\/\/mickyandoniehn.com\/radio\/wp-json\/wp\/v2\/tags?post=87677"}],"curies":[{"name":"wp","href":"https:\/\/api.w.org\/{rel}","templated":true}]}}