{"id":87673,"date":"2025-02-20T15:12:30","date_gmt":"2025-02-20T21:12:30","guid":{"rendered":"http:\/\/mickyandoniehn.com\/radio\/2025\/02\/20\/el-supremo-declara-inadmisible-uno-de-los-recursos-contra-el-estado-de-excepcion\/"},"modified":"2025-02-20T15:12:30","modified_gmt":"2025-02-20T21:12:30","slug":"el-supremo-declara-inadmisible-uno-de-los-recursos-contra-el-estado-de-excepcion","status":"publish","type":"post","link":"https:\/\/mickyandoniehn.com\/radio\/2025\/02\/20\/el-supremo-declara-inadmisible-uno-de-los-recursos-contra-el-estado-de-excepcion\/","title":{"rendered":"El Supremo declara inadmisible uno de los recursos contra el estado de excepci\u00f3n"},"content":{"rendered":"<\/p>\n<p><strong>Tegucigalpa<\/strong>\u00a0\u2013 La Sala de lo Constitucional de la Corte Suprema de Justicia (CSJ) declar\u00f3 no ha lugar el recurso de inconstitucionalidad interpuesta en contra de la medida del estado de excepci\u00f3n vigente desde el 6 de diciembre de 2022.<\/p>\n<p>As\u00ed lo inform\u00f3 este jueves el director de la unidad de comunicaciones del Poder Judicial,\u00a0<strong>Melvin Duarte<\/strong>, coment\u00f3 que la Sala Constitucional declar\u00f3 inadmisible uno de los dos recursos interpuestos en contra de esta medida.<\/p>\n<p>\u201cEl art\u00edculo 30 de la Ley de la Jurisdicci\u00f3n Contencioso-Administrativo establece que los actos de car\u00e1cter general o disposiciones que se dicten a nivel de la administraci\u00f3n p\u00fablica deber\u00e1n impugnarse ante la jurisdicci\u00f3n contencioso-administrativo una vez que haya entrado en vigencia\u201d, explic\u00f3 Duarte.<\/p>\n<p>Agreg\u00f3 que este recurso no tiene un rango o fuerza de ley, y que la jurisdicci\u00f3n le corresponde a lo contencioso-administrativo.<\/p>\n<p>Cabe recordar que este recurso fue interpuesto por los abogados\u00a0<strong>Fernando Gonz\u00e1lez\u00a0<\/strong>y\u00a0<strong>Leonel N\u00fa\u00f1ez.<\/strong><\/p>\n<p>Duarte manifest\u00f3 que queda pendiente que la Sala de lo Constitucional resuelva el recurso interpuesto en contra de la Asociaci\u00f3n por una Sociedad m\u00e1s Justa (ASJ).<\/p>\n<p>El d\u00eda anterior, se aprob\u00f3 la decimoctavo ampliaci\u00f3n de la implementaci\u00f3n de la medida del estado de excepci\u00f3n hasta el 5 de abril, es decir, abarcar\u00e1 el d\u00eda de las elecciones primarias el 9 de marzo.<\/p>\n<p>Fuente: Proceso Digital<\/p>\n","protected":false},"excerpt":{"rendered":"<p>Tegucigalpa\u00a0\u2013 La Sala de lo Constitucional de la Corte Suprema de Justicia (CSJ) declar\u00f3 no ha lugar el recurso de inconstitucionalidad interpuesta en contra de la medida del estado de excepci\u00f3n vigente desde el 6 de diciembre de 2022. As\u00ed lo inform\u00f3 este jueves el director de la unidad de comunicaciones del Poder Judicial,\u00a0Melvin Duarte, &hellip;<\/p>\n","protected":false},"author":0,"featured_media":0,"comment_status":"open","ping_status":"open","sticky":false,"template":"","format":"standard","meta":{"_jetpack_memberships_contains_paid_content":false,"footnotes":""},"categories":[5],"tags":[],"class_list":["post-87673","post","type-post","status-publish","format-standard","","category-noticias"],"jetpack_sharing_enabled":true,"jetpack_featured_media_url":"","_links":{"self":[{"href":"https:\/\/mickyandoniehn.com\/radio\/wp-json\/wp\/v2\/posts\/87673","targetHints":{"allow":["GET"]}}],"collection":[{"href":"https:\/\/mickyandoniehn.com\/radio\/wp-json\/wp\/v2\/posts"}],"about":[{"href":"https:\/\/mickyandoniehn.com\/radio\/wp-json\/wp\/v2\/types\/post"}],"replies":[{"embeddable":true,"href":"https:\/\/mickyandoniehn.com\/radio\/wp-json\/wp\/v2\/comments?post=87673"}],"version-history":[{"count":0,"href":"https:\/\/mickyandoniehn.com\/radio\/wp-json\/wp\/v2\/posts\/87673\/revisions"}],"wp:attachment":[{"href":"https:\/\/mickyandoniehn.com\/radio\/wp-json\/wp\/v2\/media?parent=87673"}],"wp:term":[{"taxonomy":"category","embeddable":true,"href":"https:\/\/mickyandoniehn.com\/radio\/wp-json\/wp\/v2\/categories?post=87673"},{"taxonomy":"post_tag","embeddable":true,"href":"https:\/\/mickyandoniehn.com\/radio\/wp-json\/wp\/v2\/tags?post=87673"}],"curies":[{"name":"wp","href":"https:\/\/api.w.org\/{rel}","templated":true}]}}