{"id":87388,"date":"2025-02-19T10:15:17","date_gmt":"2025-02-19T16:15:17","guid":{"rendered":"http:\/\/mickyandoniehn.com\/radio\/2025\/02\/19\/edmundo-orellana-considera-practicamente-imposible-instalacion-de-la-cicih-en-este-gobierno\/"},"modified":"2025-02-19T10:15:17","modified_gmt":"2025-02-19T16:15:17","slug":"edmundo-orellana-considera-practicamente-imposible-instalacion-de-la-cicih-en-este-gobierno","status":"publish","type":"post","link":"https:\/\/mickyandoniehn.com\/radio\/2025\/02\/19\/edmundo-orellana-considera-practicamente-imposible-instalacion-de-la-cicih-en-este-gobierno\/","title":{"rendered":"Edmundo Orellana considera pr\u00e1cticamente imposible instalaci\u00f3n de la CICIH en este gobierno"},"content":{"rendered":"<\/p>\n<p><strong>Tegucigalpa-<\/strong>\u00a0El exministro de Transparencia, Edmundo Orellana, afirm\u00f3 que la instalaci\u00f3n de la Comisi\u00f3n Internacional contra la Impunidad en Honduras (CICIH) durante el actual gobierno es pr\u00e1cticamente imposible debido a la complejidad del proceso y el tiempo que requiere su implementaci\u00f3n.<\/p>\n<p class=\"has-vivid-red-color has-text-color has-link-color wp-elements-76e964b99c18cf9e9cacef7168343ada\"><strong>-La precandidata de Libre sigue usando la CICIH como tema de campa\u00f1a, con eso est\u00e1 anticipando que este proceso ser\u00e1 dif\u00edcil de culminar este a\u00f1o, coment\u00f3 Orellana.<\/strong><\/p>\n<p>\u00abDefinitivamente, por mucho esfuerzo que haga el gobierno, a lo sumo lo que puede lograr en lo que queda del per\u00edodo presidencial es la firma de un convenio con las Naciones Unidas. Este acuerdo tendr\u00eda que pasar por el Congreso Nacional para su ratificaci\u00f3n y luego ser depositado en la Secretar\u00eda de Naciones Unidas\u00bb, explic\u00f3 Orellana.<\/p>\n<p>Seg\u00fan el exfuncionario, luego de la firma del convenio, la ONU tardar\u00eda al menos seis meses en llevar a cabo el proceso de selecci\u00f3n del personal que conformar\u00eda la CICIH a trav\u00e9s de un concurso internacional. Posteriormente, vendr\u00eda la etapa de instalaci\u00f3n, que incluye aspectos log\u00edsticos como la b\u00fasqueda de un espacio f\u00edsico, la seguridad del personal y otros detalles fundamentales para su funcionamiento.<\/p>\n<p>Orellana tambi\u00e9n mencion\u00f3 que desconoce los t\u00e9rminos m\u00e1s recientes de las negociaciones entre el gobierno y la ONU. Sin embargo, record\u00f3 que una de las condiciones iniciales era la aprobaci\u00f3n de la Ley de Colaboraci\u00f3n Eficaz, un tema que estaba presente desde el inicio del proceso.<\/p>\n<p>\u00abAhora se menciona el tema de la impunidad parlamentaria, pero cuando form\u00e9 parte de la comisi\u00f3n nunca vi que fuese parte de los documentos o de las pl\u00e1ticas con los expertos\u00bb, agreg\u00f3.<\/p>\n<p><strong>Tema de campa\u00f1a<\/strong><\/p>\n<p>El exministro tambi\u00e9n se\u00f1al\u00f3 que los pol\u00edticos siguen usando la CICIH como tema de campa\u00f1a incluyendo al partido en el poder Libertad y Refundaci\u00f3n (Libre).<\/p>\n<p>Libre sigue utilizando la CICIH como una bandera de campa\u00f1a, lo que, seg\u00fan \u00e9l, sugiere que su instalaci\u00f3n no se concretar\u00e1 en este gobierno.<\/p>\n<p>\u201cIncluso Libre lo tiene como bandera de campa\u00f1a como dando la impresi\u00f3n de que no se va a dar en este gobierno y con eso (\u2026), la precandidata de Libre lo que est\u00e1 indicando, es que este gobierno no lo va a hacer, ella forma parte de la comisi\u00f3n de manera que est\u00e1 anticipando ya de que este proceso este a\u00f1o va a ser dif\u00edcil que se culmine\u201d.<\/p>\n<p>No obstante, Orellana destac\u00f3 que Naciones Unidas mantiene su compromiso de apoyar a Honduras en la lucha contra la corrupci\u00f3n, sin importar el gobierno de turno. El secretario general y las autoridades supremas de la ONU han manifestado su disposici\u00f3n de instalar la CICIH en Honduras, pero ellos tienen sus propias salvaguardas, concluy\u00f3<\/p>\n<p>Fuente: Proceso Digital<\/p>\n","protected":false},"excerpt":{"rendered":"<p>Tegucigalpa-\u00a0El exministro de Transparencia, Edmundo Orellana, afirm\u00f3 que la instalaci\u00f3n de la Comisi\u00f3n Internacional contra la Impunidad en Honduras (CICIH) durante el actual gobierno es pr\u00e1cticamente imposible debido a la complejidad del proceso y el tiempo que requiere su implementaci\u00f3n. -La precandidata de Libre sigue usando la CICIH como tema de campa\u00f1a, con eso est\u00e1 &hellip;<\/p>\n","protected":false},"author":0,"featured_media":87389,"comment_status":"open","ping_status":"open","sticky":false,"template":"","format":"standard","meta":{"_jetpack_memberships_contains_paid_content":false,"footnotes":""},"categories":[5],"tags":[],"class_list":["post-87388","post","type-post","status-publish","format-standard","has-post-thumbnail","","category-noticias"],"jetpack_sharing_enabled":true,"jetpack_featured_media_url":"https:\/\/mickyandoniehn.com\/radio\/wp-content\/uploads\/2025\/02\/Edmundo-Orellana-CICIH-XCbO9T.jpeg","_links":{"self":[{"href":"https:\/\/mickyandoniehn.com\/radio\/wp-json\/wp\/v2\/posts\/87388","targetHints":{"allow":["GET"]}}],"collection":[{"href":"https:\/\/mickyandoniehn.com\/radio\/wp-json\/wp\/v2\/posts"}],"about":[{"href":"https:\/\/mickyandoniehn.com\/radio\/wp-json\/wp\/v2\/types\/post"}],"replies":[{"embeddable":true,"href":"https:\/\/mickyandoniehn.com\/radio\/wp-json\/wp\/v2\/comments?post=87388"}],"version-history":[{"count":0,"href":"https:\/\/mickyandoniehn.com\/radio\/wp-json\/wp\/v2\/posts\/87388\/revisions"}],"wp:featuredmedia":[{"embeddable":true,"href":"https:\/\/mickyandoniehn.com\/radio\/wp-json\/wp\/v2\/media\/87389"}],"wp:attachment":[{"href":"https:\/\/mickyandoniehn.com\/radio\/wp-json\/wp\/v2\/media?parent=87388"}],"wp:term":[{"taxonomy":"category","embeddable":true,"href":"https:\/\/mickyandoniehn.com\/radio\/wp-json\/wp\/v2\/categories?post=87388"},{"taxonomy":"post_tag","embeddable":true,"href":"https:\/\/mickyandoniehn.com\/radio\/wp-json\/wp\/v2\/tags?post=87388"}],"curies":[{"name":"wp","href":"https:\/\/api.w.org\/{rel}","templated":true}]}}