{"id":87349,"date":"2025-02-18T09:12:52","date_gmt":"2025-02-18T15:12:52","guid":{"rendered":"http:\/\/mickyandoniehn.com\/radio\/2025\/02\/18\/ratifican-prision-preventiva-al-extitular-de-copeco\/"},"modified":"2025-02-18T09:12:52","modified_gmt":"2025-02-18T15:12:52","slug":"ratifican-prision-preventiva-al-extitular-de-copeco","status":"publish","type":"post","link":"https:\/\/mickyandoniehn.com\/radio\/2025\/02\/18\/ratifican-prision-preventiva-al-extitular-de-copeco\/","title":{"rendered":"Ratifican prisi\u00f3n preventiva al extitular de Copeco"},"content":{"rendered":"<\/p>\n<p>18.02.2025<\/p>\n<p><strong>Tegucigalpa<\/strong>\u00a0\u2013 La Corte de Apelaciones en materia de Criminalidad Organizada, Medio Ambiente y Corrupci\u00f3n ratific\u00f3 este lunes la medida de prisi\u00f3n preventiva al extitular de la Comisi\u00f3n Permanente de Contingencias (Copeco),\u00a0<strong>Gabriel Rub\u00ed Paredes.<\/strong><\/p>\n<p>Declar\u00f3 no ha lugar el recurso de apelaci\u00f3n interpuesto por la defensa de Gabriel Rub\u00ed.<\/p>\n<p>El excomisionado de Copeco es acusado de la comisi\u00f3n de los delitos de fraude y violaci\u00f3n de los deberes de los funcionarios.<\/p>\n<p>Seg\u00fan la acusaci\u00f3n, los hechos ocurrieron en Copeco y est\u00e1n asociados a la compra de ventiladores mec\u00e1nicos durante la pandemia del COVID-19.<\/p>\n<p>El requerimiento fiscal se\u00f1ala que los ventiladores mec\u00e1nicos nunca se usaron ya que estaban incompletos al momento de su recepci\u00f3n y sin los accesos necesarios.<\/p>\n<p>No obstante, la compra fue valorada en 63 millones 839 mil 377.80 lempiras.<\/p>\n","protected":false},"excerpt":{"rendered":"<p>18.02.2025 Tegucigalpa\u00a0\u2013 La Corte de Apelaciones en materia de Criminalidad Organizada, Medio Ambiente y Corrupci\u00f3n ratific\u00f3 este lunes la medida de prisi\u00f3n preventiva al extitular de la Comisi\u00f3n Permanente de Contingencias (Copeco),\u00a0Gabriel Rub\u00ed Paredes. Declar\u00f3 no ha lugar el recurso de apelaci\u00f3n interpuesto por la defensa de Gabriel Rub\u00ed. El excomisionado de Copeco es acusado &hellip;<\/p>\n","protected":false},"author":0,"featured_media":87350,"comment_status":"open","ping_status":"open","sticky":false,"template":"","format":"standard","meta":{"_jetpack_memberships_contains_paid_content":false,"footnotes":""},"categories":[5],"tags":[],"class_list":["post-87349","post","type-post","status-publish","format-standard","has-post-thumbnail","","category-noticias"],"jetpack_sharing_enabled":true,"jetpack_featured_media_url":"https:\/\/mickyandoniehn.com\/radio\/wp-content\/uploads\/2025\/02\/11-3-URMAQa.png","_links":{"self":[{"href":"https:\/\/mickyandoniehn.com\/radio\/wp-json\/wp\/v2\/posts\/87349","targetHints":{"allow":["GET"]}}],"collection":[{"href":"https:\/\/mickyandoniehn.com\/radio\/wp-json\/wp\/v2\/posts"}],"about":[{"href":"https:\/\/mickyandoniehn.com\/radio\/wp-json\/wp\/v2\/types\/post"}],"replies":[{"embeddable":true,"href":"https:\/\/mickyandoniehn.com\/radio\/wp-json\/wp\/v2\/comments?post=87349"}],"version-history":[{"count":0,"href":"https:\/\/mickyandoniehn.com\/radio\/wp-json\/wp\/v2\/posts\/87349\/revisions"}],"wp:featuredmedia":[{"embeddable":true,"href":"https:\/\/mickyandoniehn.com\/radio\/wp-json\/wp\/v2\/media\/87350"}],"wp:attachment":[{"href":"https:\/\/mickyandoniehn.com\/radio\/wp-json\/wp\/v2\/media?parent=87349"}],"wp:term":[{"taxonomy":"category","embeddable":true,"href":"https:\/\/mickyandoniehn.com\/radio\/wp-json\/wp\/v2\/categories?post=87349"},{"taxonomy":"post_tag","embeddable":true,"href":"https:\/\/mickyandoniehn.com\/radio\/wp-json\/wp\/v2\/tags?post=87349"}],"curies":[{"name":"wp","href":"https:\/\/api.w.org\/{rel}","templated":true}]}}