{"id":87343,"date":"2025-02-18T09:12:47","date_gmt":"2025-02-18T15:12:47","guid":{"rendered":"http:\/\/mickyandoniehn.com\/radio\/2025\/02\/18\/salud-confirma-un-deceso-y-dos-casos-de-tos-ferina-en-honduras-durante-2025\/"},"modified":"2025-02-18T09:12:47","modified_gmt":"2025-02-18T15:12:47","slug":"salud-confirma-un-deceso-y-dos-casos-de-tos-ferina-en-honduras-durante-2025","status":"publish","type":"post","link":"https:\/\/mickyandoniehn.com\/radio\/2025\/02\/18\/salud-confirma-un-deceso-y-dos-casos-de-tos-ferina-en-honduras-durante-2025\/","title":{"rendered":"Salud confirma un deceso y dos casos de tos ferina en Honduras durante 2025"},"content":{"rendered":"<\/p>\n<p>18.02.2025<\/p>\n<p><strong>Tegucigalpa<\/strong>\u00a0\u2013 Leticia Puerto, t\u00e9cnico de vigilancia de enfermedades prevenibles de la Secretar\u00eda de Salud, confirm\u00f3 hoy que durante el 2025 se han registrado tres casos de tos ferina de los cuales uno provoc\u00f3 el deceso de un menor de edad.<\/p>\n<p>Los casos se han presentado en las ciudades de San Pedro Sula y El Para\u00edso, dijo.<\/p>\n<p>El menor falleci\u00f3 en la ciudad de San Pedro Sula a causa de esta enfermedad, que es prevenible, dijo.<\/p>\n<p>La\u00a0tos\u00a0ferina\u00a0(pertusis) es una infecci\u00f3n de las v\u00edas respiratorias sumamente contagiosa. En muchas personas se caracteriza por una\u00a0tos\u00a0seca intensa seguida de sonidos agudos al inhalar que parecen chillidos.<\/p>\n<p>Antes de que se desarrollara la vacuna, la\u00a0tos\u00a0ferina\u00a0era considerada una enfermedad de la infancia. Ahora la\u00a0tos\u00a0ferina\u00a0afecta principalmente a los ni\u00f1os que no han completado el esquema de vacunaci\u00f3n.<\/p>\n<p>Los s\u00edntomas son iguales a un resfriado com\u00fan, pero despu\u00e9s de dos semanas empeoran, la mucosidad espesa se acumula en las v\u00edas respiratorias y causa una\u00a0tos\u00a0incontrolable.<\/p>\n<p>Los principales s\u00edntomas de esta enfermedad son:<\/p>\n<p>Moqueo<\/p>\n<p>Congesti\u00f3n nasal<\/p>\n<p>Ojos enrojecidos, llorosos<\/p>\n<p>Fiebre<\/p>\n<p>Tos<\/p>\n<p>La mejor forma de prevenir la\u00a0tos\u00a0ferina\u00a0es mediante la vacuna, en Honduras est\u00e1 disponible en todos los centros de vacunaci\u00f3n.<\/p>\n<p>Sin embargo, se trata de un esquema que los menores deben completar, la primera dosis se recomienda a los dos meses de edad.<\/p>\n<p>La vacuna consta de una serie de cinco inyecciones, que por lo general se administran a ni\u00f1os de estas edades:<\/p>\n<p>2 meses<\/p>\n<p>4 meses<\/p>\n<p>6 meses<\/p>\n<p>15 a 18 meses<\/p>\n<p>4 a 6\u00a0a\u00f1os (<\/p>\n","protected":false},"excerpt":{"rendered":"<p>18.02.2025 Tegucigalpa\u00a0\u2013 Leticia Puerto, t\u00e9cnico de vigilancia de enfermedades prevenibles de la Secretar\u00eda de Salud, confirm\u00f3 hoy que durante el 2025 se han registrado tres casos de tos ferina de los cuales uno provoc\u00f3 el deceso de un menor de edad. Los casos se han presentado en las ciudades de San Pedro Sula y El &hellip;<\/p>\n","protected":false},"author":0,"featured_media":87344,"comment_status":"open","ping_status":"open","sticky":false,"template":"","format":"standard","meta":{"_jetpack_memberships_contains_paid_content":false,"footnotes":""},"categories":[5],"tags":[],"class_list":["post-87343","post","type-post","status-publish","format-standard","has-post-thumbnail","","category-noticias"],"jetpack_sharing_enabled":true,"jetpack_featured_media_url":"https:\/\/mickyandoniehn.com\/radio\/wp-content\/uploads\/2025\/02\/14-3-dAX50N.png","_links":{"self":[{"href":"https:\/\/mickyandoniehn.com\/radio\/wp-json\/wp\/v2\/posts\/87343","targetHints":{"allow":["GET"]}}],"collection":[{"href":"https:\/\/mickyandoniehn.com\/radio\/wp-json\/wp\/v2\/posts"}],"about":[{"href":"https:\/\/mickyandoniehn.com\/radio\/wp-json\/wp\/v2\/types\/post"}],"replies":[{"embeddable":true,"href":"https:\/\/mickyandoniehn.com\/radio\/wp-json\/wp\/v2\/comments?post=87343"}],"version-history":[{"count":0,"href":"https:\/\/mickyandoniehn.com\/radio\/wp-json\/wp\/v2\/posts\/87343\/revisions"}],"wp:featuredmedia":[{"embeddable":true,"href":"https:\/\/mickyandoniehn.com\/radio\/wp-json\/wp\/v2\/media\/87344"}],"wp:attachment":[{"href":"https:\/\/mickyandoniehn.com\/radio\/wp-json\/wp\/v2\/media?parent=87343"}],"wp:term":[{"taxonomy":"category","embeddable":true,"href":"https:\/\/mickyandoniehn.com\/radio\/wp-json\/wp\/v2\/categories?post=87343"},{"taxonomy":"post_tag","embeddable":true,"href":"https:\/\/mickyandoniehn.com\/radio\/wp-json\/wp\/v2\/tags?post=87343"}],"curies":[{"name":"wp","href":"https:\/\/api.w.org\/{rel}","templated":true}]}}