{"id":87248,"date":"2025-02-14T12:12:53","date_gmt":"2025-02-14T18:12:53","guid":{"rendered":"http:\/\/mickyandoniehn.com\/radio\/2025\/02\/14\/avanza-formacion-de-docentes-bilingues\/"},"modified":"2025-02-14T12:12:53","modified_gmt":"2025-02-14T18:12:53","slug":"avanza-formacion-de-docentes-bilingues","status":"publish","type":"post","link":"https:\/\/mickyandoniehn.com\/radio\/2025\/02\/14\/avanza-formacion-de-docentes-bilingues\/","title":{"rendered":"Avanza formaci\u00f3n de docentes biling\u00fces"},"content":{"rendered":"<\/p>\n<p><strong>El Para\u00edso. 14.2.2025.<\/strong> La meta de implementar la ense\u00f1anza del ingl\u00e9s en los centros educativos del departamento de El Para\u00edso, avanza con paso firme en la Escuela Normal Biling\u00fce Espa\u00f1a Villa Ahumada, como principal referente en la formaci\u00f3n de docentes de la carrera de magisterio en Educaci\u00f3n B\u00e1sica Biling\u00fce I y II de ciclo.<\/p>\n<p>Este centro educativo, considerado clave en la transformaci\u00f3n del sistema de ense\u00f1anza en la regi\u00f3n oriental del pa\u00eds, ofrece formaci\u00f3n gratuita a j\u00f3venes egresados de instituciones p\u00fablicas, brind\u00e1ndoles la oportunidad de prepararse en un entorno acad\u00e9mico de calidad.<\/p>\n<p>Actualmente, los m\u00e1s de 287 estudiantes siguen fortaleciendo su formaci\u00f3n integral prepar\u00e1ndose como futuros docentes y aprendiendo un segundo idioma.<\/p>\n<div class=\"fs-dynamic\"><\/div>\n<p>Durante una visita a la instituci\u00f3n, el titular de la Secretar\u00eda de Educaci\u00f3n (Seduc), Daniel Esponda, destac\u00f3 la importancia de esta reapertura. \u201cEsta escuela hoy se est\u00e1 convirtiendo en la l\u00edder regional en la formaci\u00f3n biling\u00fce\u201d, expres\u00f3.<\/p>\n<h3>ESFUERZO EDUCATIVO<\/h3>\n<p>Asimismo, hizo un llamado a la comunidad para que protejan y apoyen este esfuerzo educativo.<\/p>\n<div class=\"fs-dynamic\"><\/div>\n<p>\u201cEsta escuela no es de la Presidenta Xiomara, no es del ministro Esponda; es de los paraise\u00f1os, hay que cuidarla, protegerla, acompa\u00f1arla y hay que impulsarla\u201d, asever\u00f3.<\/p>\n<p>El funcionario, afirm\u00f3 que \u201custedes muchachos y muchachas nos han demostrado que los hijos de los campesinos, los pobres y los hijos de los maestros, tambi\u00e9n tienen derecho a formarse en educaci\u00f3n biling\u00fce y espa\u00f1ol\u201d.<\/p>\n<p>Por su parte, la directora de la Escuela, Cintia Mondrag\u00f3n, subray\u00f3 el compromiso del gobierno en garantizar el acceso a la educaci\u00f3n biling\u00fce sin costo para los estudiantes.<\/p>\n<p>Fuente: La Tribuna.<\/p>\n","protected":false},"excerpt":{"rendered":"<p>El Para\u00edso. 14.2.2025. La meta de implementar la ense\u00f1anza del ingl\u00e9s en los centros educativos del departamento de El Para\u00edso, avanza con paso firme en la Escuela Normal Biling\u00fce Espa\u00f1a Villa Ahumada, como principal referente en la formaci\u00f3n de docentes de la carrera de magisterio en Educaci\u00f3n B\u00e1sica Biling\u00fce I y II de ciclo. Este &hellip;<\/p>\n","protected":false},"author":0,"featured_media":87249,"comment_status":"open","ping_status":"open","sticky":false,"template":"","format":"standard","meta":{"_jetpack_memberships_contains_paid_content":false,"footnotes":""},"categories":[5],"tags":[],"class_list":["post-87248","post","type-post","status-publish","format-standard","has-post-thumbnail","","category-noticias"],"jetpack_sharing_enabled":true,"jetpack_featured_media_url":"https:\/\/mickyandoniehn.com\/radio\/wp-content\/uploads\/2025\/02\/NORMAL-1-768x393-1-BZKH5G.jpeg","_links":{"self":[{"href":"https:\/\/mickyandoniehn.com\/radio\/wp-json\/wp\/v2\/posts\/87248","targetHints":{"allow":["GET"]}}],"collection":[{"href":"https:\/\/mickyandoniehn.com\/radio\/wp-json\/wp\/v2\/posts"}],"about":[{"href":"https:\/\/mickyandoniehn.com\/radio\/wp-json\/wp\/v2\/types\/post"}],"replies":[{"embeddable":true,"href":"https:\/\/mickyandoniehn.com\/radio\/wp-json\/wp\/v2\/comments?post=87248"}],"version-history":[{"count":0,"href":"https:\/\/mickyandoniehn.com\/radio\/wp-json\/wp\/v2\/posts\/87248\/revisions"}],"wp:featuredmedia":[{"embeddable":true,"href":"https:\/\/mickyandoniehn.com\/radio\/wp-json\/wp\/v2\/media\/87249"}],"wp:attachment":[{"href":"https:\/\/mickyandoniehn.com\/radio\/wp-json\/wp\/v2\/media?parent=87248"}],"wp:term":[{"taxonomy":"category","embeddable":true,"href":"https:\/\/mickyandoniehn.com\/radio\/wp-json\/wp\/v2\/categories?post=87248"},{"taxonomy":"post_tag","embeddable":true,"href":"https:\/\/mickyandoniehn.com\/radio\/wp-json\/wp\/v2\/tags?post=87248"}],"curies":[{"name":"wp","href":"https:\/\/api.w.org\/{rel}","templated":true}]}}