{"id":87229,"date":"2025-02-13T19:15:13","date_gmt":"2025-02-14T01:15:13","guid":{"rendered":"http:\/\/mickyandoniehn.com\/radio\/2025\/02\/13\/ccit-elige-a-siete-nuevos-directivos\/"},"modified":"2025-02-13T19:15:13","modified_gmt":"2025-02-14T01:15:13","slug":"ccit-elige-a-siete-nuevos-directivos","status":"publish","type":"post","link":"https:\/\/mickyandoniehn.com\/radio\/2025\/02\/13\/ccit-elige-a-siete-nuevos-directivos\/","title":{"rendered":"CCIT elige a siete nuevos directivos"},"content":{"rendered":"<p>13.02.2025<\/p>\n<\/p>\n<p>\u00a0<\/p>\n<p>La C\u00e1mara de Comercio e Industria de Tegucigalpa (CCIT) celebr\u00f3 hoy jueves su asamblea general ordinaria de socios para la elecci\u00f3n de siete de los diecis\u00e9is representantes de su junta directiva periodo 2025 \u2013 2027, comenzando por el vicepresidente, el tesorero y vocal II propietario, entre otros.<\/p>\n<p>Los empresarios afiliados a diferentes actividades econ\u00f3micas participaron en la jornada de votaci\u00f3n que se desarroll\u00f3 en las instalaciones de CCIT en cumplimiento a su reglamento interno.<\/p>\n<p>La CCIT es una organizaci\u00f3n que se rige por cuatro ejes estrat\u00e9gicos: Pol\u00edtica Empresarial, Asociaciones P\u00fablico-Privadas, Relaciones con Partes Interesadas y Responsabilidad Compartida.<\/p>\n<div class=\"fs-dynamic\">\n<div><\/div>\n<\/div>\n","protected":false},"excerpt":{"rendered":"<p>13.02.2025 \u00a0 La C\u00e1mara de Comercio e Industria de Tegucigalpa (CCIT) celebr\u00f3 hoy jueves su asamblea general ordinaria de socios para la elecci\u00f3n de siete de los diecis\u00e9is representantes de su junta directiva periodo 2025 \u2013 2027, comenzando por el vicepresidente, el tesorero y vocal II propietario, entre otros. Los empresarios afiliados a diferentes actividades &hellip;<\/p>\n","protected":false},"author":0,"featured_media":87230,"comment_status":"open","ping_status":"open","sticky":false,"template":"","format":"standard","meta":{"_jetpack_memberships_contains_paid_content":false,"footnotes":""},"categories":[5],"tags":[],"class_list":["post-87229","post","type-post","status-publish","format-standard","has-post-thumbnail","","category-noticias"],"jetpack_sharing_enabled":true,"jetpack_featured_media_url":"https:\/\/mickyandoniehn.com\/radio\/wp-content\/uploads\/2025\/02\/ELECCION-CCIT-768x393-1-FYgtBd.jpeg","_links":{"self":[{"href":"https:\/\/mickyandoniehn.com\/radio\/wp-json\/wp\/v2\/posts\/87229","targetHints":{"allow":["GET"]}}],"collection":[{"href":"https:\/\/mickyandoniehn.com\/radio\/wp-json\/wp\/v2\/posts"}],"about":[{"href":"https:\/\/mickyandoniehn.com\/radio\/wp-json\/wp\/v2\/types\/post"}],"replies":[{"embeddable":true,"href":"https:\/\/mickyandoniehn.com\/radio\/wp-json\/wp\/v2\/comments?post=87229"}],"version-history":[{"count":0,"href":"https:\/\/mickyandoniehn.com\/radio\/wp-json\/wp\/v2\/posts\/87229\/revisions"}],"wp:featuredmedia":[{"embeddable":true,"href":"https:\/\/mickyandoniehn.com\/radio\/wp-json\/wp\/v2\/media\/87230"}],"wp:attachment":[{"href":"https:\/\/mickyandoniehn.com\/radio\/wp-json\/wp\/v2\/media?parent=87229"}],"wp:term":[{"taxonomy":"category","embeddable":true,"href":"https:\/\/mickyandoniehn.com\/radio\/wp-json\/wp\/v2\/categories?post=87229"},{"taxonomy":"post_tag","embeddable":true,"href":"https:\/\/mickyandoniehn.com\/radio\/wp-json\/wp\/v2\/tags?post=87229"}],"curies":[{"name":"wp","href":"https:\/\/api.w.org\/{rel}","templated":true}]}}