{"id":87199,"date":"2025-02-13T09:13:09","date_gmt":"2025-02-13T15:13:09","guid":{"rendered":"http:\/\/mickyandoniehn.com\/radio\/2025\/02\/13\/dia-mundial-de-la-radio\/"},"modified":"2025-02-13T09:13:09","modified_gmt":"2025-02-13T15:13:09","slug":"dia-mundial-de-la-radio","status":"publish","type":"post","link":"https:\/\/mickyandoniehn.com\/radio\/2025\/02\/13\/dia-mundial-de-la-radio\/","title":{"rendered":"D\u00eda Mundial de la Radio"},"content":{"rendered":"<p>13.02.2025<\/p>\n<\/p>\n<h2 class=\"\">D\u00eda Mundial de la Radio<\/h2>\n<p class=\"prose-text\">El\u00a0D\u00eda Mundial de la Radio\u00a0se celebra cada\u00a013 de febrero\u00a0para reconocer el impacto global de la radio en la comunicaci\u00f3n y la cultura. Esta fecha fue proclamada por la\u00a0UNESCO en 2011, con el fin de destacar el papel fundamental de la radio en la difusi\u00f3n de informaci\u00f3n, la promoci\u00f3n de la libertad de expresi\u00f3n y el acceso a la educaci\u00f3n.<\/p>\n<p class=\"prose-text\">La radio es una de las formas m\u00e1s accesibles y universales de comunicaci\u00f3n, que llega a comunidades de todo el mundo, incluso en zonas remotas o en situaciones de emergencia. A trav\u00e9s de ella, se pueden compartir noticias, entretenimiento y contenidos educativos, desempe\u00f1ando un rol clave en la participaci\u00f3n c\u00edvica y el fortalecimiento de la democracia.<\/p>\n<div class=\"inline-element px-2 table m-auto pb-2 bg-white text-center border border-grey-100 text-xs\">\n<div><\/div>\n<\/div>\n","protected":false},"excerpt":{"rendered":"<p>13.02.2025 D\u00eda Mundial de la Radio El\u00a0D\u00eda Mundial de la Radio\u00a0se celebra cada\u00a013 de febrero\u00a0para reconocer el impacto global de la radio en la comunicaci\u00f3n y la cultura. Esta fecha fue proclamada por la\u00a0UNESCO en 2011, con el fin de destacar el papel fundamental de la radio en la difusi\u00f3n de informaci\u00f3n, la promoci\u00f3n de &hellip;<\/p>\n","protected":false},"author":0,"featured_media":87200,"comment_status":"open","ping_status":"open","sticky":false,"template":"","format":"standard","meta":{"_jetpack_memberships_contains_paid_content":false,"footnotes":""},"categories":[5],"tags":[],"class_list":["post-87199","post","type-post","status-publish","format-standard","has-post-thumbnail","","category-noticias"],"jetpack_sharing_enabled":true,"jetpack_featured_media_url":"https:\/\/mickyandoniehn.com\/radio\/wp-content\/uploads\/2025\/02\/dia_mundial_de_la_radio_cuando_es_y_por_que_se_celebra_54210_orig-vzeqLd.jpeg","_links":{"self":[{"href":"https:\/\/mickyandoniehn.com\/radio\/wp-json\/wp\/v2\/posts\/87199","targetHints":{"allow":["GET"]}}],"collection":[{"href":"https:\/\/mickyandoniehn.com\/radio\/wp-json\/wp\/v2\/posts"}],"about":[{"href":"https:\/\/mickyandoniehn.com\/radio\/wp-json\/wp\/v2\/types\/post"}],"replies":[{"embeddable":true,"href":"https:\/\/mickyandoniehn.com\/radio\/wp-json\/wp\/v2\/comments?post=87199"}],"version-history":[{"count":0,"href":"https:\/\/mickyandoniehn.com\/radio\/wp-json\/wp\/v2\/posts\/87199\/revisions"}],"wp:featuredmedia":[{"embeddable":true,"href":"https:\/\/mickyandoniehn.com\/radio\/wp-json\/wp\/v2\/media\/87200"}],"wp:attachment":[{"href":"https:\/\/mickyandoniehn.com\/radio\/wp-json\/wp\/v2\/media?parent=87199"}],"wp:term":[{"taxonomy":"category","embeddable":true,"href":"https:\/\/mickyandoniehn.com\/radio\/wp-json\/wp\/v2\/categories?post=87199"},{"taxonomy":"post_tag","embeddable":true,"href":"https:\/\/mickyandoniehn.com\/radio\/wp-json\/wp\/v2\/tags?post=87199"}],"curies":[{"name":"wp","href":"https:\/\/api.w.org\/{rel}","templated":true}]}}