{"id":87069,"date":"2025-02-10T11:12:36","date_gmt":"2025-02-10T17:12:36","guid":{"rendered":"http:\/\/mickyandoniehn.com\/radio\/2025\/02\/10\/aldana-anuncia-avances-de-obras-en-la-salida-al-oriente\/"},"modified":"2025-02-10T11:12:36","modified_gmt":"2025-02-10T17:12:36","slug":"aldana-anuncia-avances-de-obras-en-la-salida-al-oriente","status":"publish","type":"post","link":"https:\/\/mickyandoniehn.com\/radio\/2025\/02\/10\/aldana-anuncia-avances-de-obras-en-la-salida-al-oriente\/","title":{"rendered":"Aldana anuncia avances de obras en la salida al Oriente"},"content":{"rendered":"<p>10.02.2025<\/p>\n<\/p>\n<p>El alcalde del Distrito Central, Jorge Aldana, inform\u00f3 que se han retomado los trabajos en la primera etapa de la salida al Oriente, destacando la finalizaci\u00f3n del tramo entre la posta y Tatumbla, lo que ha despejado uno de los principales embudos viales de la zona.<\/p>\n<p>Actualmente, las labores avanzan en las cercan\u00edas del Zamorano con el objetivo de mejorar la movilidad en el sector. \u201cEstamos trabajando junto a la SIT en este proyecto para atender y agilizar el tr\u00e1fico que se generar\u00e1 en este primer tramo que va desde Villa Nueva hasta la posta\u201d, explic\u00f3 Aldana.<\/p>\n<p>Para facilitar el tr\u00e1nsito de los vecinos de Tatumbla, el municipio ha habilitado rutas alternas, incluyendo la conexi\u00f3n entre El Tabl\u00f3n y Azacualpa, adem\u00e1s de la pavimentaci\u00f3n de 11 kil\u00f3metros desde Unitec hasta Azacualpa, garantizando condiciones \u00f3ptimas de movilidad.<\/p>\n<p>El edil tambi\u00e9n abord\u00f3 la dif\u00edcil situaci\u00f3n financiera del municipio, se\u00f1alando que la deuda municipal supera los 7,500 millones de lempiras. No obstante, asegur\u00f3 que desde hace seis meses se ha iniciado el pago de capital y abono a los intereses, lo que ha reducido la disponibilidad de recursos, pero no ha detenido las obras.<\/p>\n<p>\u201cSeguimos trabajando y esperamos mejorar los flujos financieros con el plan de readecuaci\u00f3n de deuda que est\u00e1 en marcha. As\u00ed garantizamos que las obras en la capital contin\u00faen ejecut\u00e1ndose con normalidad\u201d, indic\u00f3 Aldana.<\/p>\n<p>Adem\u00e1s, destac\u00f3 que se han realizado pagos importantes a contratistas, lo que permitir\u00e1 retomar proyectos clave, como el t\u00fanel de Florencia en la colonia Suyapa y la obra en el bulevar Juan Pablo II, que se espera reiniciar la pr\u00f3xima semana. \u201cLo importante es que estas obras deben ser entregadas en tiempo y forma para beneficio de la ciudad\u201d, concluy\u00f3.<\/p>\n","protected":false},"excerpt":{"rendered":"<p>10.02.2025 El alcalde del Distrito Central, Jorge Aldana, inform\u00f3 que se han retomado los trabajos en la primera etapa de la salida al Oriente, destacando la finalizaci\u00f3n del tramo entre la posta y Tatumbla, lo que ha despejado uno de los principales embudos viales de la zona. Actualmente, las labores avanzan en las cercan\u00edas del &hellip;<\/p>\n","protected":false},"author":0,"featured_media":87070,"comment_status":"open","ping_status":"open","sticky":false,"template":"","format":"standard","meta":{"_jetpack_memberships_contains_paid_content":false,"footnotes":""},"categories":[5],"tags":[],"class_list":["post-87069","post","type-post","status-publish","format-standard","has-post-thumbnail","","category-noticias"],"jetpack_sharing_enabled":true,"jetpack_featured_media_url":"https:\/\/mickyandoniehn.com\/radio\/wp-content\/uploads\/2025\/02\/image-287-750x430-1-wrUxf3.png","_links":{"self":[{"href":"https:\/\/mickyandoniehn.com\/radio\/wp-json\/wp\/v2\/posts\/87069","targetHints":{"allow":["GET"]}}],"collection":[{"href":"https:\/\/mickyandoniehn.com\/radio\/wp-json\/wp\/v2\/posts"}],"about":[{"href":"https:\/\/mickyandoniehn.com\/radio\/wp-json\/wp\/v2\/types\/post"}],"replies":[{"embeddable":true,"href":"https:\/\/mickyandoniehn.com\/radio\/wp-json\/wp\/v2\/comments?post=87069"}],"version-history":[{"count":0,"href":"https:\/\/mickyandoniehn.com\/radio\/wp-json\/wp\/v2\/posts\/87069\/revisions"}],"wp:featuredmedia":[{"embeddable":true,"href":"https:\/\/mickyandoniehn.com\/radio\/wp-json\/wp\/v2\/media\/87070"}],"wp:attachment":[{"href":"https:\/\/mickyandoniehn.com\/radio\/wp-json\/wp\/v2\/media?parent=87069"}],"wp:term":[{"taxonomy":"category","embeddable":true,"href":"https:\/\/mickyandoniehn.com\/radio\/wp-json\/wp\/v2\/categories?post=87069"},{"taxonomy":"post_tag","embeddable":true,"href":"https:\/\/mickyandoniehn.com\/radio\/wp-json\/wp\/v2\/tags?post=87069"}],"curies":[{"name":"wp","href":"https:\/\/api.w.org\/{rel}","templated":true}]}}