{"id":87037,"date":"2025-02-10T08:12:34","date_gmt":"2025-02-10T14:12:34","guid":{"rendered":"http:\/\/mickyandoniehn.com\/radio\/2025\/02\/10\/cardenal-rodriguez-millones-destinados-a-elecciones-primarias-deberian-ser-para-deportados\/"},"modified":"2025-02-10T08:12:34","modified_gmt":"2025-02-10T14:12:34","slug":"cardenal-rodriguez-millones-destinados-a-elecciones-primarias-deberian-ser-para-deportados","status":"publish","type":"post","link":"https:\/\/mickyandoniehn.com\/radio\/2025\/02\/10\/cardenal-rodriguez-millones-destinados-a-elecciones-primarias-deberian-ser-para-deportados\/","title":{"rendered":"Cardenal Rodr\u00edguez: Millones destinados a elecciones primarias deber\u00edan ser para deportados"},"content":{"rendered":"<p>10.02.2025<\/p>\n<\/p>\n<p>En un momento que arrecian las deportaciones de hondure\u00f1os de los Estados Unidos, el cardenal \u00d3scar Andr\u00e9s Rodr\u00edguez propuso que los \u201cmillones\u201d presupuestados para las elecciones primarias del 9 de marzo deber\u00edan ser destinados para atender a los compatriotas retornados.<\/p>\n<p>\u00abHonduras, a\u00f1o 2025, a\u00f1o santo, a\u00f1o jubilar\u2026 No podemos seguir atados simplemente a la politiquer\u00eda. Son simples elecciones primarias de tres partidos \u00bfC\u00f3mo es que se invierten tantos millones? \u00bfPara qu\u00e9?\u00bb, dijo el jerarca religioso en su homil\u00eda dominical en la Bas\u00edlica de Suyapa.<\/p>\n<p>\u00abMientras tanto tenemos tant\u00edsimos deportados y ah\u00ed habr\u00eda que concentrar los fondos. Y no en algo que es pasajero y que son intereses puramente personales\u00bb, agreg\u00f3.<\/p>\n<p>Fuente: La Tribuna<\/p>\n","protected":false},"excerpt":{"rendered":"<p>10.02.2025 En un momento que arrecian las deportaciones de hondure\u00f1os de los Estados Unidos, el cardenal \u00d3scar Andr\u00e9s Rodr\u00edguez propuso que los \u201cmillones\u201d presupuestados para las elecciones primarias del 9 de marzo deber\u00edan ser destinados para atender a los compatriotas retornados. \u00abHonduras, a\u00f1o 2025, a\u00f1o santo, a\u00f1o jubilar\u2026 No podemos seguir atados simplemente a la &hellip;<\/p>\n","protected":false},"author":0,"featured_media":87038,"comment_status":"open","ping_status":"open","sticky":false,"template":"","format":"standard","meta":{"_jetpack_memberships_contains_paid_content":false,"footnotes":""},"categories":[5],"tags":[],"class_list":["post-87037","post","type-post","status-publish","format-standard","has-post-thumbnail","","category-noticias"],"jetpack_sharing_enabled":true,"jetpack_featured_media_url":"https:\/\/mickyandoniehn.com\/radio\/wp-content\/uploads\/2025\/02\/CARDENAL-RODRIGUEZ-768x394-1-rh5n7E.jpeg","_links":{"self":[{"href":"https:\/\/mickyandoniehn.com\/radio\/wp-json\/wp\/v2\/posts\/87037","targetHints":{"allow":["GET"]}}],"collection":[{"href":"https:\/\/mickyandoniehn.com\/radio\/wp-json\/wp\/v2\/posts"}],"about":[{"href":"https:\/\/mickyandoniehn.com\/radio\/wp-json\/wp\/v2\/types\/post"}],"replies":[{"embeddable":true,"href":"https:\/\/mickyandoniehn.com\/radio\/wp-json\/wp\/v2\/comments?post=87037"}],"version-history":[{"count":0,"href":"https:\/\/mickyandoniehn.com\/radio\/wp-json\/wp\/v2\/posts\/87037\/revisions"}],"wp:featuredmedia":[{"embeddable":true,"href":"https:\/\/mickyandoniehn.com\/radio\/wp-json\/wp\/v2\/media\/87038"}],"wp:attachment":[{"href":"https:\/\/mickyandoniehn.com\/radio\/wp-json\/wp\/v2\/media?parent=87037"}],"wp:term":[{"taxonomy":"category","embeddable":true,"href":"https:\/\/mickyandoniehn.com\/radio\/wp-json\/wp\/v2\/categories?post=87037"},{"taxonomy":"post_tag","embeddable":true,"href":"https:\/\/mickyandoniehn.com\/radio\/wp-json\/wp\/v2\/tags?post=87037"}],"curies":[{"name":"wp","href":"https:\/\/api.w.org\/{rel}","templated":true}]}}