{"id":86988,"date":"2025-02-07T10:12:41","date_gmt":"2025-02-07T16:12:41","guid":{"rendered":"http:\/\/mickyandoniehn.com\/radio\/2025\/02\/07\/revelan-el-dia-y-hora-del-arribo-del-inter-miami-de-messi-a-honduras\/"},"modified":"2025-02-07T10:12:41","modified_gmt":"2025-02-07T16:12:41","slug":"revelan-el-dia-y-hora-del-arribo-del-inter-miami-de-messi-a-honduras","status":"publish","type":"post","link":"https:\/\/mickyandoniehn.com\/radio\/2025\/02\/07\/revelan-el-dia-y-hora-del-arribo-del-inter-miami-de-messi-a-honduras\/","title":{"rendered":"Revelan el d\u00eda y hora del arribo del Inter Miami de Messi a Honduras"},"content":{"rendered":"<\/p>\n<p>07.02.2025<\/p>\n<p>\u00a1Tomen nota! Se ha hecho p\u00fablico la agenda que tendr\u00e1 el\u00a0<strong>Inter Miami<\/strong>\u00a0de Lionel\u00a0<strong><a href=\"https:\/\/www.honduras.com\/deportes\/amistoso\/previa-del-partido-entre-olimpia-vs-inter-miami-de-lionel-messi\/\">Messi<\/a><\/strong>\u00a0en su llegada a Honduras, para el partido amistoso que sostendr\u00e1 ante\u00a0<strong>Olimpia<\/strong>\u00a0en el Estadio Ol\u00edmpico de San Pedro Sula.<\/p>\n<p>Seg\u00fan personal del banco promotor del denominado \u00abevento del siglo\u00bb, el equipo norteamericano estar\u00e1 un total de 12 horas en el pa\u00eds cinco estrellas.<\/p>\n<p>De acuerdo a lo anterior, la delegaci\u00f3n del club de las \u00abgarzas\u00bb aterrizar\u00e1, en horas de la ma\u00f1ana, al d\u00eda del juego, entre las 9:30 a 10:00 am a la ciudad industrial.<\/p>\n<p>Esto debido a que, se llevar\u00e1 a cabo una firma de aut\u00f3grafos para miembros exclusivos por la tarde; posteriormente, se trasladar\u00e1n al recinto para afrontar el choque ante los albos a las 7:00 de la noche.<\/p>\n<p>Cabe se\u00f1alar que, tras el hist\u00f3rico duelo, plantilla y cuerpo t\u00e9cnico del\u00a0<strong>Inter Miami<\/strong>\u00a0se marchar\u00e1n del pa\u00eds de vuelta a Estados Unidos.<\/p>\n<p>Por lo tanto, se espera un d\u00eda ca\u00f3tico, y al mismo tiempo, una fiesta sin precedentes, para todos los sampedranos que podr\u00e1n presenciar a la escuadra de Lionel\u00a0<strong>Messi<\/strong>\u00a0y compa\u00f1\u00eda. \u00a1Ser\u00e1 una locura!<\/p>\n<p>Fuente proceso digital<\/p>\n","protected":false},"excerpt":{"rendered":"<p>07.02.2025 \u00a1Tomen nota! Se ha hecho p\u00fablico la agenda que tendr\u00e1 el\u00a0Inter Miami\u00a0de Lionel\u00a0Messi\u00a0en su llegada a Honduras, para el partido amistoso que sostendr\u00e1 ante\u00a0Olimpia\u00a0en el Estadio Ol\u00edmpico de San Pedro Sula. Seg\u00fan personal del banco promotor del denominado \u00abevento del siglo\u00bb, el equipo norteamericano estar\u00e1 un total de 12 horas en el pa\u00eds cinco &hellip;<\/p>\n","protected":false},"author":0,"featured_media":86989,"comment_status":"open","ping_status":"open","sticky":false,"template":"","format":"standard","meta":{"_jetpack_memberships_contains_paid_content":false,"footnotes":""},"categories":[5],"tags":[],"class_list":["post-86988","post","type-post","status-publish","format-standard","has-post-thumbnail","","category-noticias"],"jetpack_sharing_enabled":true,"jetpack_featured_media_url":"https:\/\/mickyandoniehn.com\/radio\/wp-content\/uploads\/2025\/02\/13-1-CNi0E8.png","_links":{"self":[{"href":"https:\/\/mickyandoniehn.com\/radio\/wp-json\/wp\/v2\/posts\/86988","targetHints":{"allow":["GET"]}}],"collection":[{"href":"https:\/\/mickyandoniehn.com\/radio\/wp-json\/wp\/v2\/posts"}],"about":[{"href":"https:\/\/mickyandoniehn.com\/radio\/wp-json\/wp\/v2\/types\/post"}],"replies":[{"embeddable":true,"href":"https:\/\/mickyandoniehn.com\/radio\/wp-json\/wp\/v2\/comments?post=86988"}],"version-history":[{"count":0,"href":"https:\/\/mickyandoniehn.com\/radio\/wp-json\/wp\/v2\/posts\/86988\/revisions"}],"wp:featuredmedia":[{"embeddable":true,"href":"https:\/\/mickyandoniehn.com\/radio\/wp-json\/wp\/v2\/media\/86989"}],"wp:attachment":[{"href":"https:\/\/mickyandoniehn.com\/radio\/wp-json\/wp\/v2\/media?parent=86988"}],"wp:term":[{"taxonomy":"category","embeddable":true,"href":"https:\/\/mickyandoniehn.com\/radio\/wp-json\/wp\/v2\/categories?post=86988"},{"taxonomy":"post_tag","embeddable":true,"href":"https:\/\/mickyandoniehn.com\/radio\/wp-json\/wp\/v2\/tags?post=86988"}],"curies":[{"name":"wp","href":"https:\/\/api.w.org\/{rel}","templated":true}]}}