{"id":86916,"date":"2025-02-06T09:12:33","date_gmt":"2025-02-06T15:12:33","guid":{"rendered":"http:\/\/mickyandoniehn.com\/radio\/2025\/02\/06\/hoy-estaria-de-cumpleanos-el-maestro-de-la-fotografia-don-juan-pablo-martell-qddg-muchas-felicidades-hasta-el-cielo\/"},"modified":"2025-02-06T09:12:33","modified_gmt":"2025-02-06T15:12:33","slug":"hoy-estaria-de-cumpleanos-el-maestro-de-la-fotografia-don-juan-pablo-martell-qddg-muchas-felicidades-hasta-el-cielo","status":"publish","type":"post","link":"https:\/\/mickyandoniehn.com\/radio\/2025\/02\/06\/hoy-estaria-de-cumpleanos-el-maestro-de-la-fotografia-don-juan-pablo-martell-qddg-muchas-felicidades-hasta-el-cielo\/","title":{"rendered":"Hoy estar\u00eda de Cumplea\u00f1os el Maestro de la Fotograf\u00eda don Juan Pablo Martell (QDDG) muchas felicidades hasta el cielo"},"content":{"rendered":"<\/p>\n","protected":false},"excerpt":{"rendered":"","protected":false},"author":0,"featured_media":0,"comment_status":"open","ping_status":"open","sticky":false,"template":"","format":"standard","meta":{"_jetpack_memberships_contains_paid_content":false,"footnotes":""},"categories":[5],"tags":[],"class_list":["post-86916","post","type-post","status-publish","format-standard","","category-noticias"],"jetpack_sharing_enabled":true,"jetpack_featured_media_url":"","_links":{"self":[{"href":"https:\/\/mickyandoniehn.com\/radio\/wp-json\/wp\/v2\/posts\/86916","targetHints":{"allow":["GET"]}}],"collection":[{"href":"https:\/\/mickyandoniehn.com\/radio\/wp-json\/wp\/v2\/posts"}],"about":[{"href":"https:\/\/mickyandoniehn.com\/radio\/wp-json\/wp\/v2\/types\/post"}],"replies":[{"embeddable":true,"href":"https:\/\/mickyandoniehn.com\/radio\/wp-json\/wp\/v2\/comments?post=86916"}],"version-history":[{"count":0,"href":"https:\/\/mickyandoniehn.com\/radio\/wp-json\/wp\/v2\/posts\/86916\/revisions"}],"wp:attachment":[{"href":"https:\/\/mickyandoniehn.com\/radio\/wp-json\/wp\/v2\/media?parent=86916"}],"wp:term":[{"taxonomy":"category","embeddable":true,"href":"https:\/\/mickyandoniehn.com\/radio\/wp-json\/wp\/v2\/categories?post=86916"},{"taxonomy":"post_tag","embeddable":true,"href":"https:\/\/mickyandoniehn.com\/radio\/wp-json\/wp\/v2\/tags?post=86916"}],"curies":[{"name":"wp","href":"https:\/\/api.w.org\/{rel}","templated":true}]}}