{"id":85431,"date":"2025-01-25T16:12:39","date_gmt":"2025-01-25T22:12:39","guid":{"rendered":"http:\/\/mickyandoniehn.com\/radio\/2025\/01\/25\/evento-centroamericano-salon-del-cacao-sera-en-san-pedro-sula\/"},"modified":"2025-01-25T16:12:39","modified_gmt":"2025-01-25T22:12:39","slug":"evento-centroamericano-salon-del-cacao-sera-en-san-pedro-sula","status":"publish","type":"post","link":"https:\/\/mickyandoniehn.com\/radio\/2025\/01\/25\/evento-centroamericano-salon-del-cacao-sera-en-san-pedro-sula\/","title":{"rendered":"Evento centroamericano \u00abSal\u00f3n del Cacao\u00bb ser\u00e1 en San Pedro Sula"},"content":{"rendered":"<\/p>\n<p>\u00a1Un evento de gran importancia para Centroam\u00e9rica!\u00a0<strong>San Pedro Sula ser\u00e1 sede del segundo Sal\u00f3n del Cacaco<\/strong>\u00a0y Chocolate, regi\u00f3n SICA, organizado por el Comit\u00e9 del Cacao de Centroam\u00e9rica y Rep\u00fablica Dominicana (Sicacao). \u00a1Qu\u00e9 macizo!<\/p>\n<h2>Evento centroamericano \u00abSal\u00f3n del Cacao\u00bb ser\u00e1 en San Pedro Sula<\/h2>\n<p>La secretar\u00eda t\u00e9cnica de la\u00a0<strong>Cadena de Cacao<\/strong>\u00a0mencion\u00f3 que el evento de El Sal\u00f3n del Cacao formar\u00e1 parte de\u00a0<strong>Agromercados<\/strong>\u00a0Honduras 2025.<\/p>\n<p>Asimismo, reunir\u00e1 a productores, exportadores, compradores y procesadores de cacao de<strong>\u00a0Centroam\u00e9rica y Rep\u00fablica Dominicana.<\/strong><\/p>\n<div class=\"wp-block-image\">\n<\/div>\n<p>Tambi\u00e9n\u00a0<strong>se llevar\u00e1 a cabo una competencia,<\/strong>\u00a0donde los productores hondure\u00f1os est\u00e1n invitados a participar y preparar sus muestras. \u00a1Qu\u00e9 macizo!<\/p>\n<p>Adem\u00e1s participar\u00e1n peque\u00f1as y medianas empresas productoras y transformadoras de\u00a0<strong>Honduras, Guatemala, El Salvador, Costa Rica y Nicaragua.<\/strong><\/p>\n<p><strong>Fuente:honduras.com<\/strong><\/p>\n","protected":false},"excerpt":{"rendered":"<p>\u00a1Un evento de gran importancia para Centroam\u00e9rica!\u00a0San Pedro Sula ser\u00e1 sede del segundo Sal\u00f3n del Cacaco\u00a0y Chocolate, regi\u00f3n SICA, organizado por el Comit\u00e9 del Cacao de Centroam\u00e9rica y Rep\u00fablica Dominicana (Sicacao). \u00a1Qu\u00e9 macizo! Evento centroamericano \u00abSal\u00f3n del Cacao\u00bb ser\u00e1 en San Pedro Sula La secretar\u00eda t\u00e9cnica de la\u00a0Cadena de Cacao\u00a0mencion\u00f3 que el evento de El &hellip;<\/p>\n","protected":false},"author":0,"featured_media":0,"comment_status":"open","ping_status":"open","sticky":false,"template":"","format":"standard","meta":{"_jetpack_memberships_contains_paid_content":false,"footnotes":""},"categories":[5],"tags":[],"class_list":["post-85431","post","type-post","status-publish","format-standard","","category-noticias"],"jetpack_sharing_enabled":true,"jetpack_featured_media_url":"","_links":{"self":[{"href":"https:\/\/mickyandoniehn.com\/radio\/wp-json\/wp\/v2\/posts\/85431","targetHints":{"allow":["GET"]}}],"collection":[{"href":"https:\/\/mickyandoniehn.com\/radio\/wp-json\/wp\/v2\/posts"}],"about":[{"href":"https:\/\/mickyandoniehn.com\/radio\/wp-json\/wp\/v2\/types\/post"}],"replies":[{"embeddable":true,"href":"https:\/\/mickyandoniehn.com\/radio\/wp-json\/wp\/v2\/comments?post=85431"}],"version-history":[{"count":0,"href":"https:\/\/mickyandoniehn.com\/radio\/wp-json\/wp\/v2\/posts\/85431\/revisions"}],"wp:attachment":[{"href":"https:\/\/mickyandoniehn.com\/radio\/wp-json\/wp\/v2\/media?parent=85431"}],"wp:term":[{"taxonomy":"category","embeddable":true,"href":"https:\/\/mickyandoniehn.com\/radio\/wp-json\/wp\/v2\/categories?post=85431"},{"taxonomy":"post_tag","embeddable":true,"href":"https:\/\/mickyandoniehn.com\/radio\/wp-json\/wp\/v2\/tags?post=85431"}],"curies":[{"name":"wp","href":"https:\/\/api.w.org\/{rel}","templated":true}]}}