{"id":84477,"date":"2025-01-20T10:12:37","date_gmt":"2025-01-20T16:12:37","guid":{"rendered":"http:\/\/mickyandoniehn.com\/radio\/2025\/01\/20\/la-mayor-ciudad-del-norte-de-mexico-se-mantiene-en-alerta-ante-las-deportaciones-de-trump\/"},"modified":"2025-01-20T10:12:37","modified_gmt":"2025-01-20T16:12:37","slug":"la-mayor-ciudad-del-norte-de-mexico-se-mantiene-en-alerta-ante-las-deportaciones-de-trump","status":"publish","type":"post","link":"https:\/\/mickyandoniehn.com\/radio\/2025\/01\/20\/la-mayor-ciudad-del-norte-de-mexico-se-mantiene-en-alerta-ante-las-deportaciones-de-trump\/","title":{"rendered":"La mayor ciudad del norte de M\u00e9xico se mantiene en alerta ante las deportaciones de Trump"},"content":{"rendered":"<\/p>\n<p>Monterrey (M\u00e9xico), 20.1.2025- Los albergues de la mayor ciudad del norte de M\u00e9xico, Monterrey, se mantienen en alerta ante la posible ola de migrantes que desatar\u00eda la llegada de Donald Trump a la presidencia de Estados Unidos este lunes, con miles de ellos que preferir\u00edan ahora buscar empleo en este polo industrial del pa\u00eds.<\/p>\n<p>El p\u00e1rroco Marcos Montealvo Veras, director de la Casa INDI, expuso en una entrevista con EFE que desde octubre, un mes antes de la elecci\u00f3n estadounidense, tuvieron una reuni\u00f3n con refugios del norte de M\u00e9xico para abordar el tema.<\/p>\n<p>\u00abHemos venido reflexionando y trabajando desde octubre. En octubre tuvimos una reuni\u00f3n los directores y encargados de casas de la zona norte: Sonora, Chihuahua, Ju\u00e1rez, Piedras Negras, Reynosa, es decir, toda la zona norte, quisimos platicarlo mucho y hemos reflexionado\u00bb, dijo.<\/p>\n<p>La preocupaci\u00f3n ante las advertencias migratorias de Trump ha crecido en las ciudades cerca de la frontera con Estados Unidos, como refleja la emergencia preventiva que declar\u00f3 Tijuana la semana pasada y los preparativos de las organizaciones religiosas en Ciudad Ju\u00e1rez.<\/p>\n<p>Monterrey, la ciudad m\u00e1s grande del norte de M\u00e9xico y la segunda mayor del pa\u00eds, con m\u00e1s de 5,3 millones de habitantes, est\u00e1 a unas tres horas de la frontera, pero suele ser destino de migrantes que prefieren quedarse en el pa\u00eds a trabajar ante su industria y el crecimiento de la construcci\u00f3n.<\/p>\n<p>El p\u00e1rroco mencion\u00f3 que cada una de las casas que atienden a migrantes tienen sus particularidades porque cada una tiene su propia capacidad y problem\u00e1ticas.<\/p>\n<p>\u00abAhorita estamos trabajando bien, no ha rebasado la capacidad que tenemos. Sin duda, lo que se ha dicho de las deportaciones no podemos decir a ciencia cierta con seguridad cu\u00e1ntos ser\u00e1n\u00bb, se\u00f1al\u00f3.<\/p>\n<p>A\u00f1adi\u00f3 que, por ahora, lo que se est\u00e1\u00a0haciendo es trabajar en los espacios que tienen disponibles para habilitar un poco m\u00e1s all\u00e1 de lo que es su capacidad.<\/p>\n<p>\u00abEntonces queremos hacer un trabajo de organizaci\u00f3n, de mejorar los espacios que nosotros tenemos y hasta ah\u00ed\u00bb, coment\u00f3. \u00abEs una tarea o una realidad en la cual debemos incluirnos todos: la sociedad civil, las instituciones, el Gobierno\u00bb, agreg\u00f3.<\/p>\n<h2>M\u00e9xico se prepara para los efectos de Trump<\/h2>\n<p>En v\u00edsperas de la investidura de Trump, este 20 de enero, la preocupaci\u00f3n crece en M\u00e9xico porque los mexicanos son cerca de la mitad de los 11 millones de indocumentados en Estados Unidos y sus remesas representan casi el 4 % del producto interior bruto (PIB) del pa\u00eds, que en 2024 habr\u00eda recibido un estimado de 65.000 millones de d\u00f3lares.<\/p>\n<p>La presidenta de M\u00e9xico, Claudia Sheinbaum, asever\u00f3 el viernes que su Gobierno est\u00e1 \u00abpreparado\u00bb para recibir a los mexicanos deportados, buscarles empleo, ofrecerles programas sociales y movilidad por todo el pa\u00eds, aunque ha pedido expulsar de forma directa a otras nacionalidades a sus lugares de origen.<\/p>\n<p>Ante la pol\u00edtica migratoria que asumir\u00e1 el Gobierno mexicano ante estas deportaciones masivas, el padre Montealvo Veras no quiso opinar.<\/p>\n<p>\u00abDe eso yo no puedo y no quiero opinar, lo que yo le puedo decir es que nosotros aqu\u00ed recibimos a todos, no hacemos una distinci\u00f3n, la movilidad es un derecho de las personas y nosotros mientras tengamos capacidad las vamos a atender\u00bb, declar\u00f3.<\/p>\n<p>Algunos de los migrantes congregados en Casa INDI tambi\u00e9n externaron su preocupaci\u00f3n por las deportaciones masivas que podr\u00eda realizar desde el primer d\u00eda el nuevo Gobierno de Estados Unidos.<\/p>\n<div class=\"td_block_wrap tdb_single_content tdi_74 td-pb-border-top td_block_template_1 td-post-content tagdiv-type\">\n<div class=\"tdb-block-inner td-fix-index\">\n<p>\u00abPienso que eso est\u00e1 mal porque nos afecta a todos como migrantes. No tengo conocimiento c\u00f3mo se va a poner la cosa, pero s\u00ed se va a poner m\u00e1s dif\u00edcil (la frontera)\u00bb, dijo el hondure\u00f1o \u00c9rick Jos\u00e9 Gonz\u00e1lez, de 27 a\u00f1os de edad.<\/p>\n<p>El joven relat\u00f3 que tiene 14 meses que sali\u00f3 de su pa\u00eds natal y lo hizo motivado por la necesidad y pobreza que existe en Honduras en donde dej\u00f3 a su padres y el resto de su familia.\u00a0<strong>EFE<\/strong><\/p>\n<\/div>\n<\/div>\n<p>Fuente: La Tribuna.<\/p>\n","protected":false},"excerpt":{"rendered":"<p>Monterrey (M\u00e9xico), 20.1.2025- Los albergues de la mayor ciudad del norte de M\u00e9xico, Monterrey, se mantienen en alerta ante la posible ola de migrantes que desatar\u00eda la llegada de Donald Trump a la presidencia de Estados Unidos este lunes, con miles de ellos que preferir\u00edan ahora buscar empleo en este polo industrial del pa\u00eds. El &hellip;<\/p>\n","protected":false},"author":0,"featured_media":84478,"comment_status":"open","ping_status":"open","sticky":false,"template":"","format":"standard","meta":{"_jetpack_memberships_contains_paid_content":false,"footnotes":""},"categories":[5],"tags":[],"class_list":["post-84477","post","type-post","status-publish","format-standard","has-post-thumbnail","","category-noticias"],"jetpack_sharing_enabled":true,"jetpack_featured_media_url":"https:\/\/mickyandoniehn.com\/radio\/wp-content\/uploads\/2025\/01\/mexico-dialoga-con-paises-de-latinoamerica-para-que-reciban-a-deportados-por-donald-trump-mR4kVs.jpeg","_links":{"self":[{"href":"https:\/\/mickyandoniehn.com\/radio\/wp-json\/wp\/v2\/posts\/84477","targetHints":{"allow":["GET"]}}],"collection":[{"href":"https:\/\/mickyandoniehn.com\/radio\/wp-json\/wp\/v2\/posts"}],"about":[{"href":"https:\/\/mickyandoniehn.com\/radio\/wp-json\/wp\/v2\/types\/post"}],"replies":[{"embeddable":true,"href":"https:\/\/mickyandoniehn.com\/radio\/wp-json\/wp\/v2\/comments?post=84477"}],"version-history":[{"count":0,"href":"https:\/\/mickyandoniehn.com\/radio\/wp-json\/wp\/v2\/posts\/84477\/revisions"}],"wp:featuredmedia":[{"embeddable":true,"href":"https:\/\/mickyandoniehn.com\/radio\/wp-json\/wp\/v2\/media\/84478"}],"wp:attachment":[{"href":"https:\/\/mickyandoniehn.com\/radio\/wp-json\/wp\/v2\/media?parent=84477"}],"wp:term":[{"taxonomy":"category","embeddable":true,"href":"https:\/\/mickyandoniehn.com\/radio\/wp-json\/wp\/v2\/categories?post=84477"},{"taxonomy":"post_tag","embeddable":true,"href":"https:\/\/mickyandoniehn.com\/radio\/wp-json\/wp\/v2\/tags?post=84477"}],"curies":[{"name":"wp","href":"https:\/\/api.w.org\/{rel}","templated":true}]}}