{"id":84475,"date":"2025-01-20T10:12:36","date_gmt":"2025-01-20T16:12:36","guid":{"rendered":"http:\/\/mickyandoniehn.com\/radio\/2025\/01\/20\/docentes-hondurenos-inician-el-ano-lectivo-con-malestar-por-incumplimiento-de-ajuste-salarial\/"},"modified":"2025-01-20T10:12:36","modified_gmt":"2025-01-20T16:12:36","slug":"docentes-hondurenos-inician-el-ano-lectivo-con-malestar-por-incumplimiento-de-ajuste-salarial","status":"publish","type":"post","link":"https:\/\/mickyandoniehn.com\/radio\/2025\/01\/20\/docentes-hondurenos-inician-el-ano-lectivo-con-malestar-por-incumplimiento-de-ajuste-salarial\/","title":{"rendered":"Docentes hondure\u00f1os inician el a\u00f1o lectivo con malestar por incumplimiento de ajuste salarial"},"content":{"rendered":"<\/p>\n<p>Tegucigalpa. 20.1.2025. El expresidente del Colegio de Profesores de Educaci\u00f3n Media de Honduras (Copemh), Fidel Garc\u00eda, expres\u00f3 la inconformidad del gremio docente ante el inicio del nuevo a\u00f1o lectivo, se\u00f1alando como causa principal el incumplimiento del ajuste salarial debido a la falta de aprobaci\u00f3n del Presupuesto General de la Rep\u00fablica 2025 en el Congreso Nacional.<\/p>\n<p>Seg\u00fan Garc\u00eda, el presupuesto de 2025 incluye una asignaci\u00f3n de 3 mil millones de lempiras adicionales para la Secretar\u00eda de Educaci\u00f3n, destinada espec\u00edficamente a cubrir el ajuste salarial de los docentes. Sin embargo, la ausencia de consenso en el Congreso ha impedido que estos fondos se hagan efectivos.<\/p>\n<p>\u201cEst\u00e1n utilizando el Presupuesto General como moneda de cambio para sus propios intereses, burl\u00e1ndose del pueblo hondure\u00f1o\u201d, afirm\u00f3 Garc\u00eda con dureza.<\/p>\n<p>Aunque los procesos de matr\u00edcula ya han comenzado, Garc\u00eda advirti\u00f3 sobre la posibilidad de que las clases no inicien en la fecha programada debido a protestas a nivel nacional por parte del magisterio. \u00abLa falta de respeto a los derechos del gremio docente podr\u00eda derivar en manifestaciones que paralicen el sistema educativo en los pr\u00f3ximos d\u00edas\u00bb, a\u00f1adi\u00f3.<\/p>\n<p>Fidel Garc\u00eda inst\u00f3 a los diputados del Congreso Nacional a dejar de lado sus diferencias pol\u00edticas y aprobar el Presupuesto General de la Rep\u00fablica 2025, asegurando que esta acci\u00f3n beneficiar\u00e1 a miles de docentes y contribuir\u00e1 al desarrollo educativo del pa\u00eds.<\/p>\n<p>Fuente: La Tribuna.<\/p>\n","protected":false},"excerpt":{"rendered":"<p>Tegucigalpa. 20.1.2025. El expresidente del Colegio de Profesores de Educaci\u00f3n Media de Honduras (Copemh), Fidel Garc\u00eda, expres\u00f3 la inconformidad del gremio docente ante el inicio del nuevo a\u00f1o lectivo, se\u00f1alando como causa principal el incumplimiento del ajuste salarial debido a la falta de aprobaci\u00f3n del Presupuesto General de la Rep\u00fablica 2025 en el Congreso Nacional. &hellip;<\/p>\n","protected":false},"author":0,"featured_media":84476,"comment_status":"open","ping_status":"open","sticky":false,"template":"","format":"standard","meta":{"_jetpack_memberships_contains_paid_content":false,"footnotes":""},"categories":[5],"tags":[],"class_list":["post-84475","post","type-post","status-publish","format-standard","has-post-thumbnail","","category-noticias"],"jetpack_sharing_enabled":true,"jetpack_featured_media_url":"https:\/\/mickyandoniehn.com\/radio\/wp-content\/uploads\/2025\/01\/Clases-en-Honduras-La-Tribuna-8smXjk.jpeg","_links":{"self":[{"href":"https:\/\/mickyandoniehn.com\/radio\/wp-json\/wp\/v2\/posts\/84475","targetHints":{"allow":["GET"]}}],"collection":[{"href":"https:\/\/mickyandoniehn.com\/radio\/wp-json\/wp\/v2\/posts"}],"about":[{"href":"https:\/\/mickyandoniehn.com\/radio\/wp-json\/wp\/v2\/types\/post"}],"replies":[{"embeddable":true,"href":"https:\/\/mickyandoniehn.com\/radio\/wp-json\/wp\/v2\/comments?post=84475"}],"version-history":[{"count":0,"href":"https:\/\/mickyandoniehn.com\/radio\/wp-json\/wp\/v2\/posts\/84475\/revisions"}],"wp:featuredmedia":[{"embeddable":true,"href":"https:\/\/mickyandoniehn.com\/radio\/wp-json\/wp\/v2\/media\/84476"}],"wp:attachment":[{"href":"https:\/\/mickyandoniehn.com\/radio\/wp-json\/wp\/v2\/media?parent=84475"}],"wp:term":[{"taxonomy":"category","embeddable":true,"href":"https:\/\/mickyandoniehn.com\/radio\/wp-json\/wp\/v2\/categories?post=84475"},{"taxonomy":"post_tag","embeddable":true,"href":"https:\/\/mickyandoniehn.com\/radio\/wp-json\/wp\/v2\/tags?post=84475"}],"curies":[{"name":"wp","href":"https:\/\/api.w.org\/{rel}","templated":true}]}}