{"id":84442,"date":"2025-01-20T09:12:30","date_gmt":"2025-01-20T15:12:30","guid":{"rendered":"http:\/\/mickyandoniehn.com\/radio\/2025\/01\/20\/autoridades-de-carcel-implementan-programa-de-rehabilitacion-de-reos\/"},"modified":"2025-01-20T09:12:30","modified_gmt":"2025-01-20T15:12:30","slug":"autoridades-de-carcel-implementan-programa-de-rehabilitacion-de-reos","status":"publish","type":"post","link":"https:\/\/mickyandoniehn.com\/radio\/2025\/01\/20\/autoridades-de-carcel-implementan-programa-de-rehabilitacion-de-reos\/","title":{"rendered":"Autoridades de c\u00e1rcel implementan programa de rehabilitaci\u00f3n de reos"},"content":{"rendered":"<\/p>\n<p>El director del Centro Penal de Choluteca, teniente coronel Wilman Guzm\u00e1n, destac\u00f3 ayer los avances en infraestructura, seguridad y rehabilitaci\u00f3n que se llevan a cabo en esta instituci\u00f3n penitenciaria.<\/p>\n<p>Estas acciones forman parte de un enfoque integral que busca mejorar la calidad de vida de los privados de libertad y contribuir a su reinserci\u00f3n social.<\/p>\n<h3>Rehabilitaci\u00f3n y reeducaci\u00f3n<\/h3>\n<p>Entre los proyectos clave se encuentran las alianzas estrat\u00e9gicas con instituciones como INFOP y Ciudad Mujer, cuyo objetivo es brindar capacitaciones y conocimientos \u00fatiles a los internos.<\/p>\n<p>Estas iniciativas buscan transformar la mentalidad de las personas privadas de libertad, dot\u00e1ndolas de habilidades que les permitan reincorporarse a sus comunidades como ciudadanos productivos y responsables.<\/p>\n<p>\u201cEl prop\u00f3sito es que estas personas adquieran nuevos conocimientos, desarrollen capacidades y alcancen un nivel de conciencia que los motive a dejar atr\u00e1s el mundo en el que se encontraban, para convertirse en agentes de cambio en sus comunidades\u201d, destac\u00f3 Guzm\u00e1n.<\/p>\n<h3>Mejoras en infraestructura y seguridad<\/h3>\n<p>En cuanto a la infraestructura, se est\u00e1n ejecutando trabajos permanentes que refuerzan las \u00e1reas internas del penal, delimitando sectores y zonas restringidas para un mayor control.<\/p>\n<p>En el \u00e1rea externa, se avanza en la construcci\u00f3n de una cerca perimetral, dise\u00f1ada para prevenir incidentes y garantizar la seguridad tanto de los internos como del personal que labora en el centro, asegur\u00f3 el oficial.<\/p>\n<p>\u201cEl refuerzo de las medidas de seguridad sigue protocolos y procedimientos establecidos, asegurando un nivel adecuado de control y tranquilidad en el centro\u201d, agreg\u00f3 el director del penal.<\/p>\n<p>Estos esfuerzos no solo buscan la reinserci\u00f3n efectiva de los privados de libertad, sino tambi\u00e9n generar un impacto positivo en las comunidades.<\/p>\n<p>Al dotar a los internos de herramientas para el cambio, se pretende que al salir contribuyan al desarrollo de sus entornos y eviten reincidir en actividades il\u00edcitas.<\/p>\n<p>El trabajo realizado en el Centro Penal de Choluteca es un ejemplo del compromiso con la rehabilitaci\u00f3n social y la seguridad penitenciaria, alineado con los objetivos nacionales de garantizar derechos humanos y fomentar la reintegraci\u00f3n efectiva de quienes cumplen su condena.<\/p>\n<p>Fuente: La Tribuna.<\/p>\n<p>\u00a0<\/p>\n","protected":false},"excerpt":{"rendered":"<p>El director del Centro Penal de Choluteca, teniente coronel Wilman Guzm\u00e1n, destac\u00f3 ayer los avances en infraestructura, seguridad y rehabilitaci\u00f3n que se llevan a cabo en esta instituci\u00f3n penitenciaria. Estas acciones forman parte de un enfoque integral que busca mejorar la calidad de vida de los privados de libertad y contribuir a su reinserci\u00f3n social. &hellip;<\/p>\n","protected":false},"author":0,"featured_media":84443,"comment_status":"open","ping_status":"open","sticky":false,"template":"","format":"standard","meta":{"_jetpack_memberships_contains_paid_content":false,"footnotes":""},"categories":[5],"tags":[],"class_list":["post-84442","post","type-post","status-publish","format-standard","has-post-thumbnail","","category-noticias"],"jetpack_sharing_enabled":true,"jetpack_featured_media_url":"https:\/\/mickyandoniehn.com\/radio\/wp-content\/uploads\/2025\/01\/Reinsercion-de-reos-1-ywDijV.jpeg","_links":{"self":[{"href":"https:\/\/mickyandoniehn.com\/radio\/wp-json\/wp\/v2\/posts\/84442","targetHints":{"allow":["GET"]}}],"collection":[{"href":"https:\/\/mickyandoniehn.com\/radio\/wp-json\/wp\/v2\/posts"}],"about":[{"href":"https:\/\/mickyandoniehn.com\/radio\/wp-json\/wp\/v2\/types\/post"}],"replies":[{"embeddable":true,"href":"https:\/\/mickyandoniehn.com\/radio\/wp-json\/wp\/v2\/comments?post=84442"}],"version-history":[{"count":0,"href":"https:\/\/mickyandoniehn.com\/radio\/wp-json\/wp\/v2\/posts\/84442\/revisions"}],"wp:featuredmedia":[{"embeddable":true,"href":"https:\/\/mickyandoniehn.com\/radio\/wp-json\/wp\/v2\/media\/84443"}],"wp:attachment":[{"href":"https:\/\/mickyandoniehn.com\/radio\/wp-json\/wp\/v2\/media?parent=84442"}],"wp:term":[{"taxonomy":"category","embeddable":true,"href":"https:\/\/mickyandoniehn.com\/radio\/wp-json\/wp\/v2\/categories?post=84442"},{"taxonomy":"post_tag","embeddable":true,"href":"https:\/\/mickyandoniehn.com\/radio\/wp-json\/wp\/v2\/tags?post=84442"}],"curies":[{"name":"wp","href":"https:\/\/api.w.org\/{rel}","templated":true}]}}