{"id":84439,"date":"2025-01-18T18:14:50","date_gmt":"2025-01-19T00:14:50","guid":{"rendered":"http:\/\/mickyandoniehn.com\/radio\/2025\/01\/18\/reportaje-inauguracion-feria-patronal-de-santa-lucia-francisco-morazan\/"},"modified":"2025-01-18T18:14:50","modified_gmt":"2025-01-19T00:14:50","slug":"reportaje-inauguracion-feria-patronal-de-santa-lucia-francisco-morazan","status":"publish","type":"post","link":"https:\/\/mickyandoniehn.com\/radio\/2025\/01\/18\/reportaje-inauguracion-feria-patronal-de-santa-lucia-francisco-morazan\/","title":{"rendered":"Reportaje Inauguraci\u00f3n Feria Patronal de Santa Luc\u00eda, Francisco Moraz\u00e1n"},"content":{"rendered":"<\/p>\n","protected":false},"excerpt":{"rendered":"","protected":false},"author":0,"featured_media":0,"comment_status":"open","ping_status":"open","sticky":false,"template":"","format":"standard","meta":{"_jetpack_memberships_contains_paid_content":false,"footnotes":""},"categories":[5],"tags":[],"class_list":["post-84439","post","type-post","status-publish","format-standard","","category-noticias"],"jetpack_sharing_enabled":true,"jetpack_featured_media_url":"","_links":{"self":[{"href":"https:\/\/mickyandoniehn.com\/radio\/wp-json\/wp\/v2\/posts\/84439","targetHints":{"allow":["GET"]}}],"collection":[{"href":"https:\/\/mickyandoniehn.com\/radio\/wp-json\/wp\/v2\/posts"}],"about":[{"href":"https:\/\/mickyandoniehn.com\/radio\/wp-json\/wp\/v2\/types\/post"}],"replies":[{"embeddable":true,"href":"https:\/\/mickyandoniehn.com\/radio\/wp-json\/wp\/v2\/comments?post=84439"}],"version-history":[{"count":0,"href":"https:\/\/mickyandoniehn.com\/radio\/wp-json\/wp\/v2\/posts\/84439\/revisions"}],"wp:attachment":[{"href":"https:\/\/mickyandoniehn.com\/radio\/wp-json\/wp\/v2\/media?parent=84439"}],"wp:term":[{"taxonomy":"category","embeddable":true,"href":"https:\/\/mickyandoniehn.com\/radio\/wp-json\/wp\/v2\/categories?post=84439"},{"taxonomy":"post_tag","embeddable":true,"href":"https:\/\/mickyandoniehn.com\/radio\/wp-json\/wp\/v2\/tags?post=84439"}],"curies":[{"name":"wp","href":"https:\/\/api.w.org\/{rel}","templated":true}]}}