{"id":84437,"date":"2025-01-18T14:14:54","date_gmt":"2025-01-18T20:14:54","guid":{"rendered":"http:\/\/mickyandoniehn.com\/radio\/2025\/01\/18\/incorporan-asignatura-de-seguridad-vial-en-el-sistema-educativo-nacional\/"},"modified":"2025-01-18T14:14:54","modified_gmt":"2025-01-18T20:14:54","slug":"incorporan-asignatura-de-seguridad-vial-en-el-sistema-educativo-nacional","status":"publish","type":"post","link":"https:\/\/mickyandoniehn.com\/radio\/2025\/01\/18\/incorporan-asignatura-de-seguridad-vial-en-el-sistema-educativo-nacional\/","title":{"rendered":"Incorporan asignatura de Seguridad Vial en el sistema educativo nacional"},"content":{"rendered":"<\/p>\n<p>Con el objetivo de concienciar sobre el alto \u00edndice de accidentes de tr\u00e1nsito en el pa\u00eds y su prevenci\u00f3n, Honduras incorporar\u00e1 este a\u00f1o la asignatura de Seguridad Vial como parte del plan de estudios en el sistema educativo nacional.<\/p>\n<p>El vocero policial, Edgardo Barahona, indic\u00f3 que esta medida se deriva de una alianza estrat\u00e9gica entre las secretar\u00edas de Educaci\u00f3n y Seguridad, aprobada por el Congreso Nacional, que permite la inclusi\u00f3n de esta tem\u00e1tica educativa en los niveles preb\u00e1sico y b\u00e1sico a partir del a\u00f1o lectivo 2025, que inicia en febrero.<\/p>\n<p>Por su parte, el comisionado general Adonay Hern\u00e1ndez, titular de la Direcci\u00f3n Nacional de Vialidad y Transporte (DNVT), inform\u00f3 que se est\u00e1 en la fase final de aprobaci\u00f3n de los manuales que ser\u00e1n utilizados como herramienta metodol\u00f3gica en esta asignatura.<\/p>\n<p>\u00abEsta iniciativa forma parte de la estrategia institucional para reducir la siniestralidad vial en el pa\u00eds, la cual se ha convertido en la segunda causa de muerte en Honduras y otras regiones del continente\u00bb, destac\u00f3 el funcionario.<\/p>\n<p>Alrededor de 2,000 maestros a nivel nacional han sido capacitados en metodolog\u00eda de prevenci\u00f3n de accidentes de tr\u00e1nsito.<\/p>\n<p>Como parte de esta estrategia, alrededor de 2,000 maestros a nivel nacional han sido capacitados en metodolog\u00eda de prevenci\u00f3n de accidentes de tr\u00e1nsito.<\/p>\n<p>\u201cSe espera que, a corto y mediano plazo, los futuros usuarios de las v\u00edas p\u00fablicas adopten una verdadera conducta vial, reduciendo su participaci\u00f3n en siniestros que causan lesiones y p\u00e9rdidas humanas\u201d, ampli\u00f3.<\/p>\n<p>Esta innovadora incorporaci\u00f3n al sistema educativo nacional busca fomentar una cultura de respeto y responsabilidad en el uso de las v\u00edas p\u00fablicas, contribuyendo as\u00ed a la seguridad de todos los hondure\u00f1os.\u00a0<em><strong>(JGZ)<\/strong><\/em><\/p>\n<p>\u00a0<\/p>\n<p><strong>Fuente:latribuna.hn<\/strong><\/p>\n","protected":false},"excerpt":{"rendered":"<p>Con el objetivo de concienciar sobre el alto \u00edndice de accidentes de tr\u00e1nsito en el pa\u00eds y su prevenci\u00f3n, Honduras incorporar\u00e1 este a\u00f1o la asignatura de Seguridad Vial como parte del plan de estudios en el sistema educativo nacional. El vocero policial, Edgardo Barahona, indic\u00f3 que esta medida se deriva de una alianza estrat\u00e9gica entre &hellip;<\/p>\n","protected":false},"author":0,"featured_media":84438,"comment_status":"open","ping_status":"open","sticky":false,"template":"","format":"standard","meta":{"_jetpack_memberships_contains_paid_content":false,"footnotes":""},"categories":[5],"tags":[],"class_list":["post-84437","post","type-post","status-publish","format-standard","has-post-thumbnail","","category-noticias"],"jetpack_sharing_enabled":true,"jetpack_featured_media_url":"https:\/\/mickyandoniehn.com\/radio\/wp-content\/uploads\/2025\/01\/VIALES-2-AVWKGm.jpeg","_links":{"self":[{"href":"https:\/\/mickyandoniehn.com\/radio\/wp-json\/wp\/v2\/posts\/84437","targetHints":{"allow":["GET"]}}],"collection":[{"href":"https:\/\/mickyandoniehn.com\/radio\/wp-json\/wp\/v2\/posts"}],"about":[{"href":"https:\/\/mickyandoniehn.com\/radio\/wp-json\/wp\/v2\/types\/post"}],"replies":[{"embeddable":true,"href":"https:\/\/mickyandoniehn.com\/radio\/wp-json\/wp\/v2\/comments?post=84437"}],"version-history":[{"count":0,"href":"https:\/\/mickyandoniehn.com\/radio\/wp-json\/wp\/v2\/posts\/84437\/revisions"}],"wp:featuredmedia":[{"embeddable":true,"href":"https:\/\/mickyandoniehn.com\/radio\/wp-json\/wp\/v2\/media\/84438"}],"wp:attachment":[{"href":"https:\/\/mickyandoniehn.com\/radio\/wp-json\/wp\/v2\/media?parent=84437"}],"wp:term":[{"taxonomy":"category","embeddable":true,"href":"https:\/\/mickyandoniehn.com\/radio\/wp-json\/wp\/v2\/categories?post=84437"},{"taxonomy":"post_tag","embeddable":true,"href":"https:\/\/mickyandoniehn.com\/radio\/wp-json\/wp\/v2\/tags?post=84437"}],"curies":[{"name":"wp","href":"https:\/\/api.w.org\/{rel}","templated":true}]}}