{"id":84145,"date":"2025-01-10T13:12:32","date_gmt":"2025-01-10T19:12:32","guid":{"rendered":"http:\/\/mickyandoniehn.com\/radio\/2025\/01\/10\/instalaciones-de-misquitos-que-rechazan-carcel-en-mocoron-sera-desmanteladas-advierte-jefe-de-ffaa\/"},"modified":"2025-01-10T13:12:32","modified_gmt":"2025-01-10T19:12:32","slug":"instalaciones-de-misquitos-que-rechazan-carcel-en-mocoron-sera-desmanteladas-advierte-jefe-de-ffaa","status":"publish","type":"post","link":"https:\/\/mickyandoniehn.com\/radio\/2025\/01\/10\/instalaciones-de-misquitos-que-rechazan-carcel-en-mocoron-sera-desmanteladas-advierte-jefe-de-ffaa\/","title":{"rendered":"Instalaciones de misquitos que rechazan c\u00e1rcel en Mocor\u00f3n ser\u00e1 desmanteladas, advierte jefe de FFAA"},"content":{"rendered":"<\/p>\n<p>Tegucigalpa 01.10.2024<\/p>\n<p>\u201cEse Centro de Reclusi\u00f3n de Emergencia (CRE), es una necesidad, es una pol\u00edtica p\u00fablica que trae bien com\u00fan a todos los 9 o 10 millones de hondure\u00f1os\u201d, defendi\u00f3 este jueves el jefe del Estado Mayor Conjunto de las Fuerzas Armadas, el general\u00a0<strong>Roosevelt Hern\u00e1ndez<\/strong>.<\/p>\n<p>El jefe militar afirm\u00f3 aunque en la actualidad, no existe una orden de desalojo para los pobladores de la Mosquitia que desde hace m\u00e1s de 40 d\u00edas realizan un plant\u00f3n contra la construcci\u00f3n de este centro penitenciario en su territorio, si se est\u00e1n siguiendo un proceso.<\/p>\n<p>Advirti\u00f3 adem\u00e1s que las instalaciones que est\u00e1n levantando los misquitos en la zona de Mocor\u00f3n ser\u00e1n desmanteladas.<\/p>\n<p>\u201cEntiendo que han construido unas instalaciones de tabla, ten\u00eda carpas, eso no lo deben hacer porque aparte de que est\u00e1n invadiendo el territorio en propiedad privada que pertenece a las Fuerzas Armadas y eso en su momento, siguiendo el debido proceso va tener que ser desmantelado todo eso\u201d, advirti\u00f3.<\/p>\n<p>\u201cNadie puede estar en contra de la ley\u201d, reiter\u00f3 el jefe de las FFAA al recordar que la decisi\u00f3n de construir un Centro de Reclusi\u00f3n de Emergencia para 20 mil privados de libertad es una resoluci\u00f3n del Consejo Nacional de Defensa y Seguridad. \u201cSi no respetamos esa ley, estamos irrespetando a toda la sociedad hondure\u00f1a\u201d, afirm\u00f3.<\/p>\n<p>Fuente: Proceso Digital<\/p>\n","protected":false},"excerpt":{"rendered":"<p>Tegucigalpa 01.10.2024 \u201cEse Centro de Reclusi\u00f3n de Emergencia (CRE), es una necesidad, es una pol\u00edtica p\u00fablica que trae bien com\u00fan a todos los 9 o 10 millones de hondure\u00f1os\u201d, defendi\u00f3 este jueves el jefe del Estado Mayor Conjunto de las Fuerzas Armadas, el general\u00a0Roosevelt Hern\u00e1ndez. El jefe militar afirm\u00f3 aunque en la actualidad, no existe &hellip;<\/p>\n","protected":false},"author":0,"featured_media":84146,"comment_status":"open","ping_status":"open","sticky":false,"template":"","format":"standard","meta":{"_jetpack_memberships_contains_paid_content":false,"footnotes":""},"categories":[5],"tags":[],"class_list":["post-84145","post","type-post","status-publish","format-standard","has-post-thumbnail","","category-noticias"],"jetpack_sharing_enabled":true,"jetpack_featured_media_url":"https:\/\/mickyandoniehn.com\/radio\/wp-content\/uploads\/2025\/01\/Mocoron-1-1-DGFWAf.jpeg","_links":{"self":[{"href":"https:\/\/mickyandoniehn.com\/radio\/wp-json\/wp\/v2\/posts\/84145","targetHints":{"allow":["GET"]}}],"collection":[{"href":"https:\/\/mickyandoniehn.com\/radio\/wp-json\/wp\/v2\/posts"}],"about":[{"href":"https:\/\/mickyandoniehn.com\/radio\/wp-json\/wp\/v2\/types\/post"}],"replies":[{"embeddable":true,"href":"https:\/\/mickyandoniehn.com\/radio\/wp-json\/wp\/v2\/comments?post=84145"}],"version-history":[{"count":0,"href":"https:\/\/mickyandoniehn.com\/radio\/wp-json\/wp\/v2\/posts\/84145\/revisions"}],"wp:featuredmedia":[{"embeddable":true,"href":"https:\/\/mickyandoniehn.com\/radio\/wp-json\/wp\/v2\/media\/84146"}],"wp:attachment":[{"href":"https:\/\/mickyandoniehn.com\/radio\/wp-json\/wp\/v2\/media?parent=84145"}],"wp:term":[{"taxonomy":"category","embeddable":true,"href":"https:\/\/mickyandoniehn.com\/radio\/wp-json\/wp\/v2\/categories?post=84145"},{"taxonomy":"post_tag","embeddable":true,"href":"https:\/\/mickyandoniehn.com\/radio\/wp-json\/wp\/v2\/tags?post=84145"}],"curies":[{"name":"wp","href":"https:\/\/api.w.org\/{rel}","templated":true}]}}