{"id":84137,"date":"2025-01-10T12:12:43","date_gmt":"2025-01-10T18:12:43","guid":{"rendered":"http:\/\/mickyandoniehn.com\/radio\/2025\/01\/10\/esposa-de-romeo-vasquez-pide-proteccion-internacional-para-los-tres-generales\/"},"modified":"2025-01-10T12:12:43","modified_gmt":"2025-01-10T18:12:43","slug":"esposa-de-romeo-vasquez-pide-proteccion-internacional-para-los-tres-generales","status":"publish","type":"post","link":"https:\/\/mickyandoniehn.com\/radio\/2025\/01\/10\/esposa-de-romeo-vasquez-pide-proteccion-internacional-para-los-tres-generales\/","title":{"rendered":"Esposa de Romeo V\u00e1squez pide protecci\u00f3n internacional para los tres generales"},"content":{"rendered":"<\/p>\n<p>Tegucigalpa 01.10.2024<\/p>\n<p>a esposa del general, Romeo V\u00e1squez Vel\u00e1squez, L\u00edcida Zelaya, solicit\u00f3 este viernes protecci\u00f3n internacional en favor de los tres acusados, asegurando que son inocentes y est\u00e1n siendo perseguidos por parte del gobierno y que es una venganza del expresidente Manuel Zelaya.<\/p>\n<p class=\"has-vivid-red-color has-text-color has-link-color wp-elements-fc9677aa2f1c4580f5d1b8f24f980d29\"><strong>-Responsabiliz\u00f3 al gobierno si a su esposo le pasa algo ya que en el hospital le diagnosticaron COVID-19 y neumon\u00eda.<\/strong><\/p>\n<p>\u201cEsto es preocupante, estoy preocupada por lo que pasa en el pa\u00eds, ellos son v\u00edctimas del r\u00e9gimen Castro Zelaya como pasa en Venezuela, este ser\u00e1 un d\u00eda de justicia y de sanidad para mi esposo, creemos en la imparcialidad del juez para que se haga justicia, no solo para los generales si no para Isis Obed\u201d, argument\u00f3.<\/p>\n<p>Zelaya enfatiz\u00f3 que \u201cse debe investigar qui\u00e9n fue el que dispar\u00f3 en contra de Isis Obed, identificar al hechor y no culpar a otras personas\u201d.<\/p>\n<p>Sostuvo que hay un despliegue de simpatizantes del gobierno y pregunt\u00f3 qui\u00e9n est\u00e1 pagando ese show.<\/p>\n<p>Asimismo, responsabiliz\u00f3 al gobierno si a su esposo le llega a pagar algo o alguien de su familia ya que est\u00e1n siendo amenazados constantemente.<\/p>\n<p>\u201cConfiamos en que la prueba cient\u00edfica sea tomada en cuenta y que se responsabilice al actor material del hecho\u201d, apunt\u00f3<\/p>\n<p>Fuente: Proceso Digital<\/p>\n","protected":false},"excerpt":{"rendered":"<p>Tegucigalpa 01.10.2024 a esposa del general, Romeo V\u00e1squez Vel\u00e1squez, L\u00edcida Zelaya, solicit\u00f3 este viernes protecci\u00f3n internacional en favor de los tres acusados, asegurando que son inocentes y est\u00e1n siendo perseguidos por parte del gobierno y que es una venganza del expresidente Manuel Zelaya. -Responsabiliz\u00f3 al gobierno si a su esposo le pasa algo ya que &hellip;<\/p>\n","protected":false},"author":0,"featured_media":84138,"comment_status":"open","ping_status":"open","sticky":false,"template":"","format":"standard","meta":{"_jetpack_memberships_contains_paid_content":false,"footnotes":""},"categories":[5],"tags":[],"class_list":["post-84137","post","type-post","status-publish","format-standard","has-post-thumbnail","","category-noticias"],"jetpack_sharing_enabled":true,"jetpack_featured_media_url":"https:\/\/mickyandoniehn.com\/radio\/wp-content\/uploads\/2025\/01\/licida-ByQKx8.jpeg","_links":{"self":[{"href":"https:\/\/mickyandoniehn.com\/radio\/wp-json\/wp\/v2\/posts\/84137","targetHints":{"allow":["GET"]}}],"collection":[{"href":"https:\/\/mickyandoniehn.com\/radio\/wp-json\/wp\/v2\/posts"}],"about":[{"href":"https:\/\/mickyandoniehn.com\/radio\/wp-json\/wp\/v2\/types\/post"}],"replies":[{"embeddable":true,"href":"https:\/\/mickyandoniehn.com\/radio\/wp-json\/wp\/v2\/comments?post=84137"}],"version-history":[{"count":0,"href":"https:\/\/mickyandoniehn.com\/radio\/wp-json\/wp\/v2\/posts\/84137\/revisions"}],"wp:featuredmedia":[{"embeddable":true,"href":"https:\/\/mickyandoniehn.com\/radio\/wp-json\/wp\/v2\/media\/84138"}],"wp:attachment":[{"href":"https:\/\/mickyandoniehn.com\/radio\/wp-json\/wp\/v2\/media?parent=84137"}],"wp:term":[{"taxonomy":"category","embeddable":true,"href":"https:\/\/mickyandoniehn.com\/radio\/wp-json\/wp\/v2\/categories?post=84137"},{"taxonomy":"post_tag","embeddable":true,"href":"https:\/\/mickyandoniehn.com\/radio\/wp-json\/wp\/v2\/tags?post=84137"}],"curies":[{"name":"wp","href":"https:\/\/api.w.org\/{rel}","templated":true}]}}