{"id":84062,"date":"2025-01-08T13:14:53","date_gmt":"2025-01-08T19:14:53","guid":{"rendered":"http:\/\/mickyandoniehn.com\/radio\/2025\/01\/08\/gobierno-sigue-equipandose-con-vehiculos-tacticos-blindados-ahora-viene-los-karnaf\/"},"modified":"2025-01-08T13:14:53","modified_gmt":"2025-01-08T19:14:53","slug":"gobierno-sigue-equipandose-con-vehiculos-tacticos-blindados-ahora-viene-los-karnaf","status":"publish","type":"post","link":"https:\/\/mickyandoniehn.com\/radio\/2025\/01\/08\/gobierno-sigue-equipandose-con-vehiculos-tacticos-blindados-ahora-viene-los-karnaf\/","title":{"rendered":"Gobierno sigue equip\u00e1ndose con veh\u00edculos t\u00e1cticos blindados, ahora viene los Karnaf"},"content":{"rendered":"<\/p>\n<p>Tegucigalpa 01.08.2024<\/p>\n<p>El ministro de Seguridad,\u00a0<strong>Gustavo S\u00e1nchez<\/strong>\u00a0confirm\u00f3 este martes el arribo de m\u00e1s veh\u00edculos t\u00e1cticos blindados de uso militar y policial, que llegar\u00e1n pr\u00f3ximamente al pa\u00eds.<\/p>\n<p>\u201cVienen cinco veh\u00edculos blindados m\u00e1s, son los Karnaf, que es un veh\u00edculo similar al Black Mamba, pero m\u00e1s compactos, tiene la mitad de la capacidad. El Black Mamba, puede trasladar a diez funcionarios policiales, el Karnaf puede trasladar cinco, tiene otras habilidades diferentes al Black Mamba como maniobrabilidad, velocidad, inmediatez\u201d, detall\u00f3.<\/p>\n<p>S\u00e1nchez dijo que los veh\u00edculos vienen \u201cfull equipados y vienen acompa\u00f1ados con cuatro puntos de comando m\u00f3vil, que son unas torretas que nosotros vamos a desplegar a nivel nacional, sobre todo para que haya una mejor vigilancia y control en eventos p\u00fablicos de masiva convocatoria\u201d.<\/p>\n<p><strong>\u00d3rdenes de extradici\u00f3n<\/strong><\/p>\n<p>Referente a nuevas \u00f3rdenes de extradici\u00f3n, dijo que \u201cde las 16 solicitudes pendientes, de all\u00ed se captur\u00f3 a alias \u201cCubeta\u201d, quedaron 15, recibimos comunicaci\u00f3n oficial con dos \u00f3rdenes de captura quedaron sin vigencia seg\u00fan una comunicaci\u00f3n oficial del gobierno de Estados Unidos, entonces quedaron 13\u201d, dijo.<\/p>\n<p>S\u00e1nchez agreg\u00f3 que extraoficialmente se les inform\u00f3 que estaban revisando cuatro de esos casos, por lo que si estos son retirados, quedar\u00edan 9 \u00f3rdenes de captura con fines de extradici\u00f3n, que datan entre los a\u00f1os 2014 a 2021.<\/p>\n<p>Actualmente, asegur\u00f3, \u201cno tenemos nada pendiente\u201d, dijo al asegurar que las \u00f3rdenes de captura que han recibido, han sido cumplidas en un plazo no mayor de 72 horas.<\/p>\n<p>S\u00e1nchez adem\u00e1s asegur\u00f3 que no son 14 los feminicidios o muertes violentas contra mujeres en estos primeros d\u00edas del 2025, \u201cson siete casos en este momento y es un hecho lamentable ya que estar\u00edamos en un promedio de un caso al d\u00eda\u201d<\/p>\n<p>Fuente: Proceso Digital<\/p>\n","protected":false},"excerpt":{"rendered":"<p>Tegucigalpa 01.08.2024 El ministro de Seguridad,\u00a0Gustavo S\u00e1nchez\u00a0confirm\u00f3 este martes el arribo de m\u00e1s veh\u00edculos t\u00e1cticos blindados de uso militar y policial, que llegar\u00e1n pr\u00f3ximamente al pa\u00eds. \u201cVienen cinco veh\u00edculos blindados m\u00e1s, son los Karnaf, que es un veh\u00edculo similar al Black Mamba, pero m\u00e1s compactos, tiene la mitad de la capacidad. El Black Mamba, puede &hellip;<\/p>\n","protected":false},"author":0,"featured_media":84063,"comment_status":"open","ping_status":"open","sticky":false,"template":"","format":"standard","meta":{"_jetpack_memberships_contains_paid_content":false,"footnotes":""},"categories":[5],"tags":[],"class_list":["post-84062","post","type-post","status-publish","format-standard","has-post-thumbnail","","category-noticias"],"jetpack_sharing_enabled":true,"jetpack_featured_media_url":"https:\/\/mickyandoniehn.com\/radio\/wp-content\/uploads\/2025\/01\/karnaf-blindado-U9QUTg.jpeg","_links":{"self":[{"href":"https:\/\/mickyandoniehn.com\/radio\/wp-json\/wp\/v2\/posts\/84062","targetHints":{"allow":["GET"]}}],"collection":[{"href":"https:\/\/mickyandoniehn.com\/radio\/wp-json\/wp\/v2\/posts"}],"about":[{"href":"https:\/\/mickyandoniehn.com\/radio\/wp-json\/wp\/v2\/types\/post"}],"replies":[{"embeddable":true,"href":"https:\/\/mickyandoniehn.com\/radio\/wp-json\/wp\/v2\/comments?post=84062"}],"version-history":[{"count":0,"href":"https:\/\/mickyandoniehn.com\/radio\/wp-json\/wp\/v2\/posts\/84062\/revisions"}],"wp:featuredmedia":[{"embeddable":true,"href":"https:\/\/mickyandoniehn.com\/radio\/wp-json\/wp\/v2\/media\/84063"}],"wp:attachment":[{"href":"https:\/\/mickyandoniehn.com\/radio\/wp-json\/wp\/v2\/media?parent=84062"}],"wp:term":[{"taxonomy":"category","embeddable":true,"href":"https:\/\/mickyandoniehn.com\/radio\/wp-json\/wp\/v2\/categories?post=84062"},{"taxonomy":"post_tag","embeddable":true,"href":"https:\/\/mickyandoniehn.com\/radio\/wp-json\/wp\/v2\/tags?post=84062"}],"curies":[{"name":"wp","href":"https:\/\/api.w.org\/{rel}","templated":true}]}}