{"id":83695,"date":"2024-12-27T08:12:47","date_gmt":"2024-12-27T14:12:47","guid":{"rendered":"http:\/\/mickyandoniehn.com\/radio\/2024\/12\/27\/desempleo-la-triste-huella-de-2024-en-maquilas-y-camaroneras\/"},"modified":"2024-12-27T08:12:47","modified_gmt":"2024-12-27T14:12:47","slug":"desempleo-la-triste-huella-de-2024-en-maquilas-y-camaroneras","status":"publish","type":"post","link":"https:\/\/mickyandoniehn.com\/radio\/2024\/12\/27\/desempleo-la-triste-huella-de-2024-en-maquilas-y-camaroneras\/","title":{"rendered":"Desempleo, la triste huella de 2024 en maquilas y camaroneras"},"content":{"rendered":"<div class=\"td_block_wrap tdb_single_featured_image tdi_60 tdb-content-horiz-left td-pb-border-top td_block_template_1\">\n<div class=\"tdb-block-inner td-fix-index\"><a class=\"td-modal-image\" href=\"https:\/\/i0.wp.com\/proceso.hn\/wp-content\/uploads\/2024\/12\/Portada-desempleo.jpg?ssl=1\"><\/a><\/div>\n<div><strong>27.12.24<\/strong><\/div>\n<\/div>\n<div class=\"td_block_wrap tdb_single_content tdi_61 td-pb-border-top td_block_template_1 td-post-content tagdiv-type\">\n<div class=\"tdb-block-inner td-fix-index\">\n<p><strong>Tegucigalpa<\/strong><strong>\u00a0(Especial Proceso Digital \/ Ver\u00f3nica Castro)<\/strong>\u00a0\u00a0\u2013 Desde la maquila, hasta las camaroneras y las bananeras, el cierre de empresas marc\u00f3 el 2024, donde miles hondure\u00f1os quedaron sin empleo ante la p\u00e9rdida de plazas laborales a nivel nacional.<\/p>\n<p class=\"has-vivid-red-color has-text-color has-background has-link-color wp-elements-0993afddf991cd6c40c05b598d4043c9\"><strong><em>-En el sector maquila m\u00e1s de 8 mil puestos de trabajo se perdieron durante el 2024 y para los primeros d\u00edas del 2025, ya se confirm\u00f3 que unos tres mil hondure\u00f1os\u00a0<\/em><\/strong><strong><em>se suma<\/em><\/strong><strong><em>r\u00e1n<\/em><\/strong><strong><em>\u00a0al ej\u00e9rcito de desempleados<\/em><\/strong><strong><em>.<\/em><\/strong><\/p>\n<p class=\"has-vivid-red-color has-text-color has-background has-link-color wp-elements-db5e79c3da4fffe291e394e0ab8f3e63\"><strong><em>-Las tormentas que azotaron el pa\u00eds, especialmente Sara, golpearon fuertemente la regi\u00f3n norte y litoral atl\u00e1ntico donde da\u00f1aron cultivos y plantaciones que estaban por cosechar.<\/em><\/strong><\/p>\n<p class=\"has-vivid-red-color has-text-color has-background has-link-color wp-elements-d6e8f948e05d2edd5756c4c53fbba2f6\"><strong><em>-En el sur, la industria de la camaricultura fue fuertemente golpeada por el cierre de sus principales mercados; M\u00e9xico y Taiw\u00e1n, un impacto que se tradujo en 7 mil empleos perdidos.<\/em><\/strong><\/p>\n<p>El izamiento de una bandera negra en las instalaciones del Cohep, desat\u00f3 cr\u00edticas y reclamos del oficialismo.<\/p>\n<h2 class=\"wp-block-heading\"><strong>La bandera negra del Cohep<\/strong><\/h2>\n<p>El Consejo Hondure\u00f1o de la Empresa Privada (Cohep) inici\u00f3 el 2024 de luto por la falta de empleo en el pa\u00eds y lo hizo izando una bandera negra, en lo que ser\u00eda el preludio de un a\u00f1o marcado por el desempleo entre los sectores que m\u00e1s puestos laborales generan en Honduras como la maquila, el agro y la industria de la construcci\u00f3n.<\/p>\n<p>El director del Cohep,\u00a0<strong>Armando Urtecho<\/strong>, dijo que el 2024 inici\u00f3 con retos que deber\u00edan ser resueltos y requieren\u00a0atenci\u00f3n: la escasez de empleo, la crisis energ\u00e9tica, las limitaciones econ\u00f3micas y la incertidumbre pol\u00edtica.<\/p>\n<p><a href=\"https:\/\/mail.google.com\/mail\/u\/0\/#m_8282575729278375386_search\/leslievcastro%40gmail.com\/_blank\"><strong>(Leer) Cohep llama a que en 2024 haya un pacto por el empleo y un di\u00e1logo urgente<\/strong><\/a><\/p>\n<p>El izamiento de una bandera negra en las instalaciones del Cohep, aseguraron los ejecutivos, fue una muestra la preocupaci\u00f3n y compromiso hacia los hondure\u00f1os que luchan por empleos y oportunidades dignas.<\/p>\n<p>Para Urtecho, ese luto representaba tambi\u00e9n la necesidad de buscar soluciones urgentes, comenzando por un di\u00e1logo, que lleg\u00f3\u00a0en abril, cuando la presidenta de la c\u00fapula empresarial\u00a0<a href=\"https:\/\/proceso.hn\/gallardo-propone-un-consejo-de-competitividad-en-primera-reunion-entre-cohep-y-gobierno\/\" target=\"_blank\">Anabel Gallardo\u00a0se reuni\u00f3 con la presidenta\u00a0Xiomara\u00a0Castro<\/a>, pero finalmente no se concret\u00f3 y hasta finales de diciembre, la empresa privada segu\u00eda clamando.<\/p>\n<h3 class=\"wp-block-heading\"><strong>(Leer)\u00a0<\/strong><a href=\"https:\/\/mail.google.com\/mail\/u\/0\/#m_8282575729278375386_search\/leslievcastro%40gmail.com\/_blank\"><strong>Honduras a la deriva y sin opciones de empleos navide\u00f1os<\/strong><\/a><\/h3>\n<p>Los reproches de que en Honduras no exista una pol\u00edtica de empleo, llegaron tambi\u00e9n desde el sector obrero.\u00a0En ese sentido, el secretario general de la Confederaci\u00f3n Unitaria de Trabajadores de Honduras (CUTH),\u00a0<strong>Joel Almendares<\/strong>, tambi\u00e9n exhort\u00f3 al sector privado a trabajar y dialogar para lograr los acuerdos necesarios para la creaci\u00f3n de nuevos puestos de trabajo.<\/p>\n<h2 class=\"wp-block-heading\"><strong>Cierre de maquilas<\/strong><\/h2>\n<p>En la zona norte del pa\u00eds, donde se concentra la industria y de las mayores generadoras de empleos, el cierre de maquilas dej\u00f3 sin empleo a m\u00e1s de ocho mil hondure\u00f1os.<\/p>\n<h3 class=\"wp-block-heading\"><strong>(Leer)\u00a0<\/strong><a href=\"https:\/\/mail.google.com\/mail\/u\/0\/#m_8282575729278375386_search\/leslievcastro%40gmail.com\/_blank\"><strong>Operadores de maquila protestan y exigen pago de prestaciones en Choloma<\/strong><\/a><\/h3>\n<p>Para Delta\u00a0Honduras, Hanes del Parque ZIP Choloma, Hanes Ink en Choloma, el Centro de distribuci\u00f3n de Hanes en Villanueva, Confecciones Dos Caminos en ZIP Bufalo, Villanueva, Ceiba Textil y\u00a0Green Valley en Naco, Cort\u00e9s, el 2024 fue un a\u00f1o de cierre de operaciones.<\/p>\n<p>\u201cEn estos \u00faltimos seis meses contabilizamos ocho mil empleos perdidos con los \u00faltimos cierres y actualmente otra compa\u00f1\u00eda de origen brit\u00e1nico anunci\u00f3 el cierre de operaciones para el 14 de enero de 2025\u201d, revel\u00f3\u00a0<strong>Pedro Orellana<\/strong>,\u00a0de la Red de Sindicatos de la Industria Maquiladora.<\/p>\n<h2 class=\"wp-block-heading\"><strong>Golpe al empleo en camaroneras<\/strong><\/h2>\n<p>En el sur, la industria camaronera el 2024,\u00a0tuvo\u00a0uno de sus a\u00f1os m\u00e1s cr\u00edticos, por las millonarias p\u00e9rdidas que acarre\u00f3 la denuncia del Tratado de Libre Comercio con Taiw\u00e1n y el cierre temporal del mercado mexicano.<\/p>\n<p>El director ejecutivo de la Asociaci\u00f3n Nacional de Acuicultores de Honduras (ANDAH),<strong>\u00a0Javier Amador<\/strong>,\u00a0dijo a\u00a0<strong>Proceso Digital\u00a0<\/strong>que de los 6 mil empleos perdidos por estos dos factores, a\u00fan no se recuperan 3 mil.<\/p>\n<p>Para el sector bananero, la p\u00e9rdida de empleos vino tras\u00a0<a href=\"https:\/\/mail.google.com\/mail\/u\/0\/#m_8282575729278375386_search\/leslievcastro%40gmail.com\/_blank\"><strong>el paso de la tormenta Sara<\/strong><\/a>\u00a0y que seg\u00fan el presidente del Sindicato de Trabajadores de La Empresa Agr\u00edcola Santa In\u00e9s (Sitraeasisa),\u00a0<strong>Alirio Garay<\/strong>,\u00a0\u00a0este impacto afect\u00f3 la parte de empleo temporal en las fincas del departamento de Col\u00f3n.<\/p>\n<p>La productora de banano,\u00a0<strong>Sandra Deras<\/strong>,\u00a0reclam\u00f3 a inicios del a\u00f1o que la falta de financiamiento provocaba la p\u00e9rdida de importantes contratos internacionales, lo cual impacta negativamente en la producci\u00f3n de banano en el pa\u00eds y como consecuencia, en la generaci\u00f3n de empleo,\u00a0<a href=\"https:\/\/proceso.hn\/mas-de-30-fincas-bananeras-cerraron-operaciones-en-ultimos-cinco-anos\/\" target=\"_blank\">provocado por el cierre de muchas fincas<\/a>.<\/p>\n<h2 class=\"wp-block-heading\"><strong>Percepci\u00f3n<\/strong><\/h2>\n<p>La encuesta del Instituto Holand\u00e9s para la Democracia Multipartidaria (NIMD, por sus siglas en ingl\u00e9s)\u00a0destaca las\u00a0percepciones\u00a0de los hondure\u00f1os en diversos temas.<\/p>\n<div class=\"wp-block-image\">\n<\/div>\n<p>El 59% de los hondure\u00f1os consideran que el\u00a0principal problema del pa\u00eds es la pobreza, el 36.4 %\u00a0considera que es el\u00a0desempleo, en tercer lugar, el 30.6 % de los\u00a0connacionales considera que es la inseguridad y la violencia y, en cuarto lugar se ubica la corrupci\u00f3n con\u00a0el 29.1 %.<\/p>\n<p><a href=\"https:\/\/mail.google.com\/mail\/u\/0\/#m_8282575729278375386_search\/leslievcastro%40gmail.com\/_blank\"><strong>(Leer) Crisis econ\u00f3mica y desempleo, fracaso principal de Gobierno, seg\u00fan sondeo del ERIC<\/strong><\/a><\/p>\n<p>En el Sondeo de Opini\u00f3n P\u00fablica del Equipo de Reflexi\u00f3n, Investigaci\u00f3n y Comunicaci\u00f3n (ERIC), adscrita a la orden religiosa cat\u00f3lica Compa\u00f1\u00eda de Jes\u00fas, conocidos popularmente como los Jesuitas, se refleja que los hondure\u00f1os se encuentran agobiados por su propio e implacable \u201ceje del mal\u201d que constituyen el desempleo, la crisis econ\u00f3mica y el binomio que conforman la delincuencia\/inseguridad, los tres factores que les atormentan su vida diaria.<\/p>\n<h2 class=\"wp-block-heading\"><strong>Datos oficiales<\/strong><\/h2>\n<p>En abril, el director del Instituto Nacional de Estad\u00edsticas (INE),<strong>\u00a0Eugenio Sosa<\/strong>\u00a0afirm\u00f3 la tasa de\u00a0desempleo\u00a0en Honduras que se ha reducido pasando de 325 mil a 250 mil desempleados, una cifra que ha sido muy cuestionada por expertos en la materia.<\/p>\n<div class=\"wp-block-image\">\n<\/div>\n<p>Esta tasa de desocupaci\u00f3n o tasa de\u00a0desempleo\u00a0abierta,\u00a0equivalente\u00a0a 6.4 %, segu\u00eda\u00a0sin llegar a los niveles que hab\u00edan antes de la pandemia de coronavirus de 2019.<\/p>\n<p>Para finales de noviembre, el INE present\u00f3\u00a0nuevas\u00a0cifras sobre la situaci\u00f3n de pobreza en base a la Encuesta Permanente de Hogares, donde afirma que la Tasa de Desempleo Abierto tambi\u00e9n cay\u00f3 de\u00a0ese\u00a06.4 % al 5.2 %.<\/p>\n<p>\u201cEl empleo a\u00fan no se recupera a los niveles que ten\u00edamos antes de la pandemia del COVID 19, es un deber de todos generar las soluciones\u201d, dijo el gerente de pol\u00edtica econ\u00f3mica del Cohep, Santiago Herrera, al se\u00f1alar que los j\u00f3venes son los m\u00e1s afectados y representa una bomba social.<\/p>\n<p>La presidenta del Cohep enfatiza que \u201cno podemos ignorar la realidad que nos rodea, desde hace algunos a\u00f1os el principal problema que ha aquejado a nuestro pa\u00eds es el\u00a0desempleo, situaci\u00f3n que genera desesperanza y preocupaci\u00f3n en miles de hogares hondure\u00f1os\u201d.<\/p>\n<h2 class=\"wp-block-heading\"><strong>El aporte de la migraci\u00f3n<\/strong><\/h2>\n<p>La ex\u00a0presidenta del Colegio Hondure\u00f1o de Economistas (CHE),\u00a0<strong>Liliana\u00a0Castillo<\/strong><strong>,<\/strong>\u00a0dijo a\u00a0<strong>Proceso Digital<\/strong>\u00a0que el comportamiento actual del desempleo, que de acuerdo a las cifras del INE se ha reducido, \u201cllama la atenci\u00f3n ya que esa reducci\u00f3n podr\u00eda obedecer a que muchos desempleados del pa\u00eds emigraron hacia otros pa\u00edses en busca de un empleo\u201d.<\/p>\n<div class=\"wp-block-image\">\n<\/div>\n<p>Para la economista, si no hubiera tanta migraci\u00f3n lo m\u00e1s probable es que el indicador ir\u00eda hacia el alza,\u00a0adem\u00e1s destac\u00f3 que no se ha llegado a los niveles de empleo que se ten\u00edan antes de la pandemia.<\/p>\n<p>\u201cEsto indica que el sector privado no ha creado las suficientes fuentes de empleo ya sea porque est\u00e1n siendo cautelosos para invertir, salida de algunas empresas del pa\u00eds por inseguridad jur\u00eddica, por mayores costos de operaci\u00f3n (energ\u00eda), por incertidumbre pol\u00edtica, entre otros\u201d, observ\u00f3.<\/p>\n<p>La falta de creaci\u00f3n de plazas laborales trae como consecuencia mayores niveles de pobreza, desigualdad social y econ\u00f3mica, migraci\u00f3n, deserci\u00f3n escolar, entre otros, record\u00f3 Castillo que enfatiza que por eso es muy importante el di\u00e1logo entre el Gobierno y el sector privado para que se dise\u00f1en pol\u00edticas que permitan la generaci\u00f3n de empleos, principalmente en aquellas actividades econ\u00f3micas que son generadoras masivas de empleo.<\/p>\n<\/div>\n<\/div>\n<p>\u00a0<\/p>\n","protected":false},"excerpt":{"rendered":"<p>27.12.24 Tegucigalpa\u00a0(Especial Proceso Digital \/ Ver\u00f3nica Castro)\u00a0\u00a0\u2013 Desde la maquila, hasta las camaroneras y las bananeras, el cierre de empresas marc\u00f3 el 2024, donde miles hondure\u00f1os quedaron sin empleo ante la p\u00e9rdida de plazas laborales a nivel nacional. -En el sector maquila m\u00e1s de 8 mil puestos de trabajo se perdieron durante el 2024 y &hellip;<\/p>\n","protected":false},"author":0,"featured_media":83696,"comment_status":"open","ping_status":"open","sticky":false,"template":"","format":"standard","meta":{"_jetpack_memberships_contains_paid_content":false,"footnotes":""},"categories":[5],"tags":[],"class_list":["post-83695","post","type-post","status-publish","format-standard","has-post-thumbnail","","category-noticias"],"jetpack_sharing_enabled":true,"jetpack_featured_media_url":"https:\/\/mickyandoniehn.com\/radio\/wp-content\/uploads\/2024\/12\/Portada-desempleo-696x539-yHO7FF.jpeg","_links":{"self":[{"href":"https:\/\/mickyandoniehn.com\/radio\/wp-json\/wp\/v2\/posts\/83695","targetHints":{"allow":["GET"]}}],"collection":[{"href":"https:\/\/mickyandoniehn.com\/radio\/wp-json\/wp\/v2\/posts"}],"about":[{"href":"https:\/\/mickyandoniehn.com\/radio\/wp-json\/wp\/v2\/types\/post"}],"replies":[{"embeddable":true,"href":"https:\/\/mickyandoniehn.com\/radio\/wp-json\/wp\/v2\/comments?post=83695"}],"version-history":[{"count":0,"href":"https:\/\/mickyandoniehn.com\/radio\/wp-json\/wp\/v2\/posts\/83695\/revisions"}],"wp:featuredmedia":[{"embeddable":true,"href":"https:\/\/mickyandoniehn.com\/radio\/wp-json\/wp\/v2\/media\/83696"}],"wp:attachment":[{"href":"https:\/\/mickyandoniehn.com\/radio\/wp-json\/wp\/v2\/media?parent=83695"}],"wp:term":[{"taxonomy":"category","embeddable":true,"href":"https:\/\/mickyandoniehn.com\/radio\/wp-json\/wp\/v2\/categories?post=83695"},{"taxonomy":"post_tag","embeddable":true,"href":"https:\/\/mickyandoniehn.com\/radio\/wp-json\/wp\/v2\/tags?post=83695"}],"curies":[{"name":"wp","href":"https:\/\/api.w.org\/{rel}","templated":true}]}}