{"id":83147,"date":"2024-12-11T10:12:32","date_gmt":"2024-12-11T16:12:32","guid":{"rendered":"http:\/\/mickyandoniehn.com\/radio\/2024\/12\/11\/despejando-una-incognita-articulo-de-fernando-pineda-ugarte-qddg-publicado-el-22-de-febrero-de-1984\/"},"modified":"2024-12-11T10:12:32","modified_gmt":"2024-12-11T16:12:32","slug":"despejando-una-incognita-articulo-de-fernando-pineda-ugarte-qddg-publicado-el-22-de-febrero-de-1984","status":"publish","type":"post","link":"https:\/\/mickyandoniehn.com\/radio\/2024\/12\/11\/despejando-una-incognita-articulo-de-fernando-pineda-ugarte-qddg-publicado-el-22-de-febrero-de-1984\/","title":{"rendered":"Despejando una incognita,  Art\u00edculo de Fernando Pineda Ugarte (QDDG), Publicado el 22 de febrero de 1984"},"content":{"rendered":"<\/p>\n<p>Estos Art\u00edculos de Fernando Pineda Ugarte, fueron prestado por parte de su familia, y por el gran cari\u00f1o que le tuve a \u00e9l y a su familia, los publico en Memoria a \u00e9l.<\/p>\n<p>Fernando Pineda Ugarte QDDG. un arquitecto que naci\u00f3 con ideas modernas.<br \/>\nNaci\u00f3: 1 de Febrero de 1894<br \/>\nFalleci\u00f3: 28 de Febrero de 1993<\/p><\/p>\n","protected":false},"excerpt":{"rendered":"<p>Estos Art\u00edculos de Fernando Pineda Ugarte, fueron prestado por parte de su familia, y por el gran cari\u00f1o que le tuve a \u00e9l y a su familia, los publico en Memoria a \u00e9l. Fernando Pineda Ugarte QDDG. un arquitecto que naci\u00f3 con ideas modernas. Naci\u00f3: 1 de Febrero de 1894 Falleci\u00f3: 28 de Febrero de &hellip;<\/p>\n","protected":false},"author":0,"featured_media":83148,"comment_status":"open","ping_status":"open","sticky":false,"template":"","format":"standard","meta":{"_jetpack_memberships_contains_paid_content":false,"footnotes":""},"categories":[5],"tags":[],"class_list":["post-83147","post","type-post","status-publish","format-standard","has-post-thumbnail","","category-noticias"],"jetpack_sharing_enabled":true,"jetpack_featured_media_url":"https:\/\/mickyandoniehn.com\/radio\/wp-content\/uploads\/2024\/12\/DESPEJANDO-UNA-INCOGNITA-22-de-febrero-de-1984-1-a2m2nC.jpeg","_links":{"self":[{"href":"https:\/\/mickyandoniehn.com\/radio\/wp-json\/wp\/v2\/posts\/83147","targetHints":{"allow":["GET"]}}],"collection":[{"href":"https:\/\/mickyandoniehn.com\/radio\/wp-json\/wp\/v2\/posts"}],"about":[{"href":"https:\/\/mickyandoniehn.com\/radio\/wp-json\/wp\/v2\/types\/post"}],"replies":[{"embeddable":true,"href":"https:\/\/mickyandoniehn.com\/radio\/wp-json\/wp\/v2\/comments?post=83147"}],"version-history":[{"count":0,"href":"https:\/\/mickyandoniehn.com\/radio\/wp-json\/wp\/v2\/posts\/83147\/revisions"}],"wp:featuredmedia":[{"embeddable":true,"href":"https:\/\/mickyandoniehn.com\/radio\/wp-json\/wp\/v2\/media\/83148"}],"wp:attachment":[{"href":"https:\/\/mickyandoniehn.com\/radio\/wp-json\/wp\/v2\/media?parent=83147"}],"wp:term":[{"taxonomy":"category","embeddable":true,"href":"https:\/\/mickyandoniehn.com\/radio\/wp-json\/wp\/v2\/categories?post=83147"},{"taxonomy":"post_tag","embeddable":true,"href":"https:\/\/mickyandoniehn.com\/radio\/wp-json\/wp\/v2\/tags?post=83147"}],"curies":[{"name":"wp","href":"https:\/\/api.w.org\/{rel}","templated":true}]}}