{"id":83145,"date":"2024-12-11T10:12:31","date_gmt":"2024-12-11T16:12:31","guid":{"rendered":"http:\/\/mickyandoniehn.com\/radio\/2024\/12\/11\/bomberos-alerta-sobre-enjambre-sismico\/"},"modified":"2024-12-11T10:12:31","modified_gmt":"2024-12-11T16:12:31","slug":"bomberos-alerta-sobre-enjambre-sismico","status":"publish","type":"post","link":"https:\/\/mickyandoniehn.com\/radio\/2024\/12\/11\/bomberos-alerta-sobre-enjambre-sismico\/","title":{"rendered":"Bomberos alerta sobre \u201cenjambre s\u00edsmico\u201d"},"content":{"rendered":"<p>11.12.2024<\/p>\n<\/p>\n<p>El Cuerpo de Bombero alert\u00f3 a toda la poblaci\u00f3n hondure\u00f1a sobre estar pendientes ante la activaci\u00f3n de un \u201cenjambre s\u00edsmico\u201d en Centroam\u00e9rica, o mejor dicho una serie de temblores que puede ocurrir en el pa\u00eds, que puede dejar expuestos a las personas m\u00e1s vulnerables.<\/p>\n<p>El sargento C\u00e9sar S\u00e1nchez record\u00f3 que en los \u00faltimos d\u00edas se han registrado sismos en los pa\u00edses hermanos de El Salvador y Nicaragua, uni\u00e9ndose Honduras cuando se produjo un temblor el pasado domingo de magnitud 5.3.<\/p>\n<p>Por tanto, lanzaron un llamado a la poblaci\u00f3n hondure\u00f1a, en espec\u00edfico a las personas que viven en las zonas vulnerables que pueden ser las m\u00e1s afectadas en caso de un temblor de magnitudes elevadas.<\/p>\n<p>Se les recuerda que en caso de que se d\u00e9 un temblor y vivir en terrenos inclinados, no entrar en p\u00e1nico, saber cu\u00e1l es la ruta de evacuaci\u00f3n ante un posible deslizamiento. Al igual, a las personas que residen en edificios, no utilizar ascensores durante el desperfecto geol\u00f3gico.<\/p>\n<p>S\u00e1nchez record\u00f3 que las lluvias sobre el territorio de Honduras han mantenido los suelos saturados, por lo que representa un mayor riesgo para los deslizamientos y ca\u00eddas de los \u00e1rboles en todo el pa\u00eds.<\/p>\n<p>En noticias recientes, un sismo de magnitud 5.3 sacudi\u00f3 la regi\u00f3n la noche del pasado domingo, con epicentro en El Salvador, seg\u00fan informes preliminares. El movimiento tel\u00farico fue perceptible tambi\u00e9n en Guatemala, Honduras y Nicaragua, generando alarma en algunas zonas.<\/p>\n<p>Fuente: La Tribuna<\/p>\n","protected":false},"excerpt":{"rendered":"<p>11.12.2024 El Cuerpo de Bombero alert\u00f3 a toda la poblaci\u00f3n hondure\u00f1a sobre estar pendientes ante la activaci\u00f3n de un \u201cenjambre s\u00edsmico\u201d en Centroam\u00e9rica, o mejor dicho una serie de temblores que puede ocurrir en el pa\u00eds, que puede dejar expuestos a las personas m\u00e1s vulnerables. El sargento C\u00e9sar S\u00e1nchez record\u00f3 que en los \u00faltimos d\u00edas &hellip;<\/p>\n","protected":false},"author":0,"featured_media":83146,"comment_status":"open","ping_status":"open","sticky":false,"template":"","format":"standard","meta":{"_jetpack_memberships_contains_paid_content":false,"footnotes":""},"categories":[5],"tags":[],"class_list":["post-83145","post","type-post","status-publish","format-standard","has-post-thumbnail","","category-noticias"],"jetpack_sharing_enabled":true,"jetpack_featured_media_url":"https:\/\/mickyandoniehn.com\/radio\/wp-content\/uploads\/2024\/12\/ENJAMBRE-SISMICO-ROJlLE.jpeg","_links":{"self":[{"href":"https:\/\/mickyandoniehn.com\/radio\/wp-json\/wp\/v2\/posts\/83145","targetHints":{"allow":["GET"]}}],"collection":[{"href":"https:\/\/mickyandoniehn.com\/radio\/wp-json\/wp\/v2\/posts"}],"about":[{"href":"https:\/\/mickyandoniehn.com\/radio\/wp-json\/wp\/v2\/types\/post"}],"replies":[{"embeddable":true,"href":"https:\/\/mickyandoniehn.com\/radio\/wp-json\/wp\/v2\/comments?post=83145"}],"version-history":[{"count":0,"href":"https:\/\/mickyandoniehn.com\/radio\/wp-json\/wp\/v2\/posts\/83145\/revisions"}],"wp:featuredmedia":[{"embeddable":true,"href":"https:\/\/mickyandoniehn.com\/radio\/wp-json\/wp\/v2\/media\/83146"}],"wp:attachment":[{"href":"https:\/\/mickyandoniehn.com\/radio\/wp-json\/wp\/v2\/media?parent=83145"}],"wp:term":[{"taxonomy":"category","embeddable":true,"href":"https:\/\/mickyandoniehn.com\/radio\/wp-json\/wp\/v2\/categories?post=83145"},{"taxonomy":"post_tag","embeddable":true,"href":"https:\/\/mickyandoniehn.com\/radio\/wp-json\/wp\/v2\/tags?post=83145"}],"curies":[{"name":"wp","href":"https:\/\/api.w.org\/{rel}","templated":true}]}}