{"id":83141,"date":"2024-12-11T09:14:41","date_gmt":"2024-12-11T15:14:41","guid":{"rendered":"http:\/\/mickyandoniehn.com\/radio\/2024\/12\/11\/comayagua-conmemora-sus-487-anos-de-fundacion\/"},"modified":"2024-12-11T09:14:41","modified_gmt":"2024-12-11T15:14:41","slug":"comayagua-conmemora-sus-487-anos-de-fundacion","status":"publish","type":"post","link":"https:\/\/mickyandoniehn.com\/radio\/2024\/12\/11\/comayagua-conmemora-sus-487-anos-de-fundacion\/","title":{"rendered":"Comayagua conmemora sus 487 a\u00f1os de fundaci\u00f3n"},"content":{"rendered":"<p>10.12.2024<\/p>\n<\/p>\n<p>La primera capital de Honduras, la hist\u00f3rica ciudad colonial de Comayagua, celebr\u00f3 hoy martes sus 487 a\u00f1os de fundaci\u00f3n con mucha alegr\u00eda, devoci\u00f3n y espiritualidad.<\/p>\n<p>La especial fecha fue celebrada con una misa solemne, en honor a la Virgen Inmaculada Concepci\u00f3n de Mar\u00eda, patrona de los comayag\u00fcenses.<\/p>\n<p>El obispo \u00c1ngel Falz\u00f3n or\u00f3 por cada poblador en Comayagua y pidi\u00f3 la empat\u00eda para el pr\u00f3jimo.<\/p>\n<p>En su homil\u00eda, el obispo \u00c1ngel Falz\u00f3n, exhort\u00f3 a la feligres\u00eda a \u201cser misericordiosa con el pr\u00f3jimo\u201d, \u201csin clamor, ostentaci\u00f3n, sin buscar lugares de honor, porque la caridad y las obras de misericordia, no necesitan ser exhibidas como un trofeo, e incluso las comunidades est\u00e1n llamadas a seguir el ejemplo de Mar\u00eda\u201d.<\/p>\n<p>Diario La Tribuna<\/p>\n<div class=\"fs-dynamic\">\n<div><\/div>\n<\/div>\n","protected":false},"excerpt":{"rendered":"<p>10.12.2024 La primera capital de Honduras, la hist\u00f3rica ciudad colonial de Comayagua, celebr\u00f3 hoy martes sus 487 a\u00f1os de fundaci\u00f3n con mucha alegr\u00eda, devoci\u00f3n y espiritualidad. La especial fecha fue celebrada con una misa solemne, en honor a la Virgen Inmaculada Concepci\u00f3n de Mar\u00eda, patrona de los comayag\u00fcenses. El obispo \u00c1ngel Falz\u00f3n or\u00f3 por cada &hellip;<\/p>\n","protected":false},"author":0,"featured_media":83142,"comment_status":"open","ping_status":"open","sticky":false,"template":"","format":"standard","meta":{"_jetpack_memberships_contains_paid_content":false,"footnotes":""},"categories":[5],"tags":[],"class_list":["post-83141","post","type-post","status-publish","format-standard","has-post-thumbnail","","category-noticias"],"jetpack_sharing_enabled":true,"jetpack_featured_media_url":"https:\/\/mickyandoniehn.com\/radio\/wp-content\/uploads\/2024\/12\/Cumpleanos-de-Comayagua-1-zvT1tC.jpeg","_links":{"self":[{"href":"https:\/\/mickyandoniehn.com\/radio\/wp-json\/wp\/v2\/posts\/83141","targetHints":{"allow":["GET"]}}],"collection":[{"href":"https:\/\/mickyandoniehn.com\/radio\/wp-json\/wp\/v2\/posts"}],"about":[{"href":"https:\/\/mickyandoniehn.com\/radio\/wp-json\/wp\/v2\/types\/post"}],"replies":[{"embeddable":true,"href":"https:\/\/mickyandoniehn.com\/radio\/wp-json\/wp\/v2\/comments?post=83141"}],"version-history":[{"count":0,"href":"https:\/\/mickyandoniehn.com\/radio\/wp-json\/wp\/v2\/posts\/83141\/revisions"}],"wp:featuredmedia":[{"embeddable":true,"href":"https:\/\/mickyandoniehn.com\/radio\/wp-json\/wp\/v2\/media\/83142"}],"wp:attachment":[{"href":"https:\/\/mickyandoniehn.com\/radio\/wp-json\/wp\/v2\/media?parent=83141"}],"wp:term":[{"taxonomy":"category","embeddable":true,"href":"https:\/\/mickyandoniehn.com\/radio\/wp-json\/wp\/v2\/categories?post=83141"},{"taxonomy":"post_tag","embeddable":true,"href":"https:\/\/mickyandoniehn.com\/radio\/wp-json\/wp\/v2\/tags?post=83141"}],"curies":[{"name":"wp","href":"https:\/\/api.w.org\/{rel}","templated":true}]}}