{"id":83137,"date":"2024-12-11T09:14:39","date_gmt":"2024-12-11T15:14:39","guid":{"rendered":"http:\/\/mickyandoniehn.com\/radio\/2024\/12\/11\/cree-asegura-que-devaluacion-del-lempira-no-impactara-tarifas-electricas-en-2024-gracias-a-subsidios\/"},"modified":"2024-12-11T09:14:39","modified_gmt":"2024-12-11T15:14:39","slug":"cree-asegura-que-devaluacion-del-lempira-no-impactara-tarifas-electricas-en-2024-gracias-a-subsidios","status":"publish","type":"post","link":"https:\/\/mickyandoniehn.com\/radio\/2024\/12\/11\/cree-asegura-que-devaluacion-del-lempira-no-impactara-tarifas-electricas-en-2024-gracias-a-subsidios\/","title":{"rendered":"CREE asegura que devaluaci\u00f3n del lempira no impactar\u00e1 tarifas el\u00e9ctricas en 2024 gracias a subsidios"},"content":{"rendered":"<p>11.12.2024<\/p>\n<\/p>\n<p>El comisionado de la Comisi\u00f3n Reguladora de Energ\u00eda El\u00e9ctrica (CREE), Leonardo Deras, confirm\u00f3 que la reciente devaluaci\u00f3n del lempira frente al d\u00f3lar podr\u00eda repercutir en el nuevo pliego tarifario de energ\u00eda el\u00e9ctrica. No obstante, garantiz\u00f3 que los usuarios no experimentar\u00e1n incrementos en sus facturas en lo que resta del a\u00f1o, gracias a la pol\u00edtica de subsidios implementada por el gobierno.<\/p>\n<p>\u201cNos toca hacer la liquidaci\u00f3n de los \u00faltimos tres meses del comportamiento de los gastos que hemos tenido con la Empresa Nacional de Energ\u00eda El\u00e9ctrica (ENEE). Hasta ahora, no se han registrado cambios significativos, pero en el \u00faltimo mes hemos observado un descenso de la moneda que obviamente va a incidir\u201d, reconoci\u00f3 Deras.<\/p>\n<p>El comisionado explic\u00f3 que el gobierno continuar\u00e1 absorbiendo cualquier aumento en los costos mediante subsidios, asegurando estabilidad para los consumidores. \u201cPor lo menos en lo que resta del a\u00f1o, no se trasladar\u00e1 ning\u00fan aumento en la tarifa; ser\u00e1 absorbido mediante subsidios. Sin embargo, estamos trabajando en reducir esa cuota que pone el gobierno para mantener la tarifa estable\u201d, afirm\u00f3.<\/p>\n<p>Para mitigar el impacto de la devaluaci\u00f3n, Deras destac\u00f3 la necesidad de mejorar la eficiencia en la contrataci\u00f3n de energ\u00eda, evitando que la fluctuaci\u00f3n del tipo de cambio afecte directamente a los hondure\u00f1os. \u201cNuestro objetivo es evitar que la fluctuaci\u00f3n del tipo de cambio afecte directamente a la poblaci\u00f3n. Actualmente, el impacto se concentra en el subsidio, y estamos enfoc\u00e1ndonos en ser m\u00e1s eficientes para minimizar esa carga\u201d, subray\u00f3.<\/p>\n<p>Finalmente, se\u00f1al\u00f3 que la CREE mantiene un monitoreo constante de los costos y las variables macroecon\u00f3micas que inciden en las tarifas el\u00e9ctricas, buscando soluciones sostenibles que permitan mantener el acceso asequible a la energ\u00eda para toda la poblaci\u00f3n.<\/p>\n<p>Fuente: Diario Roat\u00e1n<\/p>\n","protected":false},"excerpt":{"rendered":"<p>11.12.2024 El comisionado de la Comisi\u00f3n Reguladora de Energ\u00eda El\u00e9ctrica (CREE), Leonardo Deras, confirm\u00f3 que la reciente devaluaci\u00f3n del lempira frente al d\u00f3lar podr\u00eda repercutir en el nuevo pliego tarifario de energ\u00eda el\u00e9ctrica. No obstante, garantiz\u00f3 que los usuarios no experimentar\u00e1n incrementos en sus facturas en lo que resta del a\u00f1o, gracias a la pol\u00edtica &hellip;<\/p>\n","protected":false},"author":0,"featured_media":83138,"comment_status":"open","ping_status":"open","sticky":false,"template":"","format":"standard","meta":{"_jetpack_memberships_contains_paid_content":false,"footnotes":""},"categories":[5],"tags":[],"class_list":["post-83137","post","type-post","status-publish","format-standard","has-post-thumbnail","","category-noticias"],"jetpack_sharing_enabled":true,"jetpack_featured_media_url":"https:\/\/mickyandoniehn.com\/radio\/wp-content\/uploads\/2024\/12\/el-heraldo-1-5684679-20231001171900_7851407_20240625194632-750x430-1-p0rKom.jpeg","_links":{"self":[{"href":"https:\/\/mickyandoniehn.com\/radio\/wp-json\/wp\/v2\/posts\/83137","targetHints":{"allow":["GET"]}}],"collection":[{"href":"https:\/\/mickyandoniehn.com\/radio\/wp-json\/wp\/v2\/posts"}],"about":[{"href":"https:\/\/mickyandoniehn.com\/radio\/wp-json\/wp\/v2\/types\/post"}],"replies":[{"embeddable":true,"href":"https:\/\/mickyandoniehn.com\/radio\/wp-json\/wp\/v2\/comments?post=83137"}],"version-history":[{"count":0,"href":"https:\/\/mickyandoniehn.com\/radio\/wp-json\/wp\/v2\/posts\/83137\/revisions"}],"wp:featuredmedia":[{"embeddable":true,"href":"https:\/\/mickyandoniehn.com\/radio\/wp-json\/wp\/v2\/media\/83138"}],"wp:attachment":[{"href":"https:\/\/mickyandoniehn.com\/radio\/wp-json\/wp\/v2\/media?parent=83137"}],"wp:term":[{"taxonomy":"category","embeddable":true,"href":"https:\/\/mickyandoniehn.com\/radio\/wp-json\/wp\/v2\/categories?post=83137"},{"taxonomy":"post_tag","embeddable":true,"href":"https:\/\/mickyandoniehn.com\/radio\/wp-json\/wp\/v2\/tags?post=83137"}],"curies":[{"name":"wp","href":"https:\/\/api.w.org\/{rel}","templated":true}]}}