{"id":83124,"date":"2024-12-10T22:12:41","date_gmt":"2024-12-11T04:12:41","guid":{"rendered":"http:\/\/mickyandoniehn.com\/radio\/2024\/12\/10\/analisis-del-cohep-problemas-en-acceso-a-dolares-y-falta-del-empleo-por-hora-le-pasan-factura-a-actividad-comercial-navidena\/"},"modified":"2024-12-10T22:12:41","modified_gmt":"2024-12-11T04:12:41","slug":"analisis-del-cohep-problemas-en-acceso-a-dolares-y-falta-del-empleo-por-hora-le-pasan-factura-a-actividad-comercial-navidena","status":"publish","type":"post","link":"https:\/\/mickyandoniehn.com\/radio\/2024\/12\/10\/analisis-del-cohep-problemas-en-acceso-a-dolares-y-falta-del-empleo-por-hora-le-pasan-factura-a-actividad-comercial-navidena\/","title":{"rendered":"An\u00e1lisis del COHEP: Problemas en acceso a d\u00f3lares y falta del empleo por hora le pasan factura a actividad comercial navide\u00f1a"},"content":{"rendered":"<p>11.12.2024<\/p>\n<\/p>\n<p>La esperanza de empresarios y emprendedores de sacarle provecho a la actividad econ\u00f3mica navide\u00f1a no ha sido posible, debido a problemas de acceso a d\u00f3lares registrados en el a\u00f1o y a la eliminaci\u00f3n del empleo temporal, seg\u00fan el reciente an\u00e1lisis de la gerencia de pol\u00edtica econ\u00f3mica del Consejo Hondure\u00f1o de la Empresa Privada (Cohep).<\/p>\n<p>\u201cSi las empresas tuvieron problemas para comprar d\u00f3lares, all\u00e1 por agosto y septiembre, no pudieron comprar los bienes que necesitaban para vender en diciembre\u201d, afirm\u00f3 el titular de esa gerencia empresarial, Santiago Herrera.<\/p>\n<p>Adicionalmente, en seis semanas de esta \u00e9poca especial, se hab\u00edan generado hasta 25 mil puestos de trabajo extraordinarios, con el aumento en el consumo en negocios, tiendas, restaurantes y bares. \u201cAhora no pueden contratar de manera normal, porque no tenemos una regulaci\u00f3n legal para facilitar el empleo parcial, o no contrato o contrato de manera irregular, eso genera m\u00e1s informalidad\u201d, se\u00f1al\u00f3 Herrera.<\/p>\n<p>Fuente; La Tribuna<\/p>\n","protected":false},"excerpt":{"rendered":"<p>11.12.2024 La esperanza de empresarios y emprendedores de sacarle provecho a la actividad econ\u00f3mica navide\u00f1a no ha sido posible, debido a problemas de acceso a d\u00f3lares registrados en el a\u00f1o y a la eliminaci\u00f3n del empleo temporal, seg\u00fan el reciente an\u00e1lisis de la gerencia de pol\u00edtica econ\u00f3mica del Consejo Hondure\u00f1o de la Empresa Privada (Cohep). &hellip;<\/p>\n","protected":false},"author":0,"featured_media":83125,"comment_status":"open","ping_status":"open","sticky":false,"template":"","format":"standard","meta":{"_jetpack_memberships_contains_paid_content":false,"footnotes":""},"categories":[5],"tags":[],"class_list":["post-83124","post","type-post","status-publish","format-standard","has-post-thumbnail","","category-noticias"],"jetpack_sharing_enabled":true,"jetpack_featured_media_url":"https:\/\/mickyandoniehn.com\/radio\/wp-content\/uploads\/2024\/12\/NAVIDENA-aoj3nu.jpeg","_links":{"self":[{"href":"https:\/\/mickyandoniehn.com\/radio\/wp-json\/wp\/v2\/posts\/83124","targetHints":{"allow":["GET"]}}],"collection":[{"href":"https:\/\/mickyandoniehn.com\/radio\/wp-json\/wp\/v2\/posts"}],"about":[{"href":"https:\/\/mickyandoniehn.com\/radio\/wp-json\/wp\/v2\/types\/post"}],"replies":[{"embeddable":true,"href":"https:\/\/mickyandoniehn.com\/radio\/wp-json\/wp\/v2\/comments?post=83124"}],"version-history":[{"count":0,"href":"https:\/\/mickyandoniehn.com\/radio\/wp-json\/wp\/v2\/posts\/83124\/revisions"}],"wp:featuredmedia":[{"embeddable":true,"href":"https:\/\/mickyandoniehn.com\/radio\/wp-json\/wp\/v2\/media\/83125"}],"wp:attachment":[{"href":"https:\/\/mickyandoniehn.com\/radio\/wp-json\/wp\/v2\/media?parent=83124"}],"wp:term":[{"taxonomy":"category","embeddable":true,"href":"https:\/\/mickyandoniehn.com\/radio\/wp-json\/wp\/v2\/categories?post=83124"},{"taxonomy":"post_tag","embeddable":true,"href":"https:\/\/mickyandoniehn.com\/radio\/wp-json\/wp\/v2\/tags?post=83124"}],"curies":[{"name":"wp","href":"https:\/\/api.w.org\/{rel}","templated":true}]}}