{"id":83111,"date":"2024-12-10T11:12:46","date_gmt":"2024-12-10T17:12:46","guid":{"rendered":"http:\/\/mickyandoniehn.com\/radio\/2024\/12\/10\/gobierno-suspende-construccion-de-carcel-en-isla-del-cisne-y-anuncia-instalacion-de-fuerza-militar-conjunta\/"},"modified":"2024-12-10T11:12:46","modified_gmt":"2024-12-10T17:12:46","slug":"gobierno-suspende-construccion-de-carcel-en-isla-del-cisne-y-anuncia-instalacion-de-fuerza-militar-conjunta","status":"publish","type":"post","link":"https:\/\/mickyandoniehn.com\/radio\/2024\/12\/10\/gobierno-suspende-construccion-de-carcel-en-isla-del-cisne-y-anuncia-instalacion-de-fuerza-militar-conjunta\/","title":{"rendered":"Gobierno suspende construcci\u00f3n de c\u00e1rcel en Isla del Cisne y anuncia instalaci\u00f3n de fuerza militar conjunta"},"content":{"rendered":"<\/p>\n<p>La ministra de Defensa, Rixi Moncada, anunci\u00f3 este lunes la suspensi\u00f3n del proyecto para construir una c\u00e1rcel en la Isla del Cisne, decisi\u00f3n tomada tras tres intentos fallidos de licitaci\u00f3n que atribuy\u00f3 a un boicot por parte del sistema financiero. En su lugar, se instalar\u00e1 una fuerza militar conjunta con el objetivo de fortalecer la seguridad y soberan\u00eda en esta estrat\u00e9gica regi\u00f3n del Caribe hondure\u00f1o.<\/p>\n<p>\u201cEse proceso queda suspendido debido al boicot ejercido durante tres convocatorias a empresas. Las instituciones financieras han negado las garant\u00edas necesarias para avanzar\u201d, afirm\u00f3 Moncada desde la isla, ubicada a 250 kil\u00f3metros de Islas de la Bah\u00eda.<\/p>\n<p>La funcionaria inform\u00f3 que se crear\u00e1 la\u00a0<strong>Fuerza Militar Conjunta General Florencio Xatruch<\/strong>, especializada en la lucha contra el narcotr\u00e1fico y la protecci\u00f3n de la fauna marina. Este esfuerzo incluir\u00e1 una inversi\u00f3n de 50 millones de lempiras para rehabilitar el apostadero naval, la pista de aterrizaje y un radar para reforzar los escudos a\u00e9reo y mar\u00edtimo del pa\u00eds.<\/p>\n<p>\u201cLa fuerza militar ejercer\u00e1 soberan\u00eda y combatir\u00e1 el narcotr\u00e1fico, problema que a\u00fan afecta las rutas hacia Estados Unidos y Europa. Honduras no debe seguir siendo un pa\u00eds de tr\u00e1nsito\u201d, enfatiz\u00f3 Moncada.<\/p>\n<h3>Centro de Reclusi\u00f3n de Emergencia (CRE) en Mocor\u00f3n<\/h3>\n<p>Mientras tanto, los esfuerzos se redirigir\u00e1n a la construcci\u00f3n del\u00a0<strong>Centro de Reclusi\u00f3n de Emergencia (CRE)<\/strong>\u00a0en Mocor\u00f3n, Gracias a Dios. Este centro albergar\u00e1 a 2,000 reclusos de alta peligrosidad, incluyendo cabecillas de grupos criminales y pandillas.<\/p>\n<p>\u201cEstamos tomando medidas para garantizar el dominio territorial del pueblo misquito. La lucha contra el narcotr\u00e1fico es prioritaria en Gracias a Dios, Col\u00f3n, Atl\u00e1ntida y Olancho\u201d, declar\u00f3 Moncada, subrayando el compromiso del gobierno con la seguridad y el desarrollo de esta regi\u00f3n.<\/p>\n<h3>Reacci\u00f3n de las Fuerzas Armadas<\/h3>\n<p>El jefe de las Fuerzas Armadas, Roosevelt Hern\u00e1ndez, destac\u00f3 que la nueva base militar estar\u00e1 equipada con unidades especializadas, mejor infraestructura y tecnolog\u00eda. \u201cFortaleceremos el muelle, la pista de aterrizaje y el sistema de radares para garantizar mayor soberan\u00eda en el Caribe\u201d, afirm\u00f3.<\/p>\n<p>Con esta decisi\u00f3n, el gobierno busca equilibrar su estrategia de seguridad, reforzar la lucha contra el narcotr\u00e1fico y enviar un mensaje de apoyo al pueblo misquito, destacando que la paz y el bienestar de los hondure\u00f1os son una prioridad.<\/p>\n<div class=\"tptn_counter\">Fuente: Diario Roat\u00e1n<\/div>\n","protected":false},"excerpt":{"rendered":"<p>La ministra de Defensa, Rixi Moncada, anunci\u00f3 este lunes la suspensi\u00f3n del proyecto para construir una c\u00e1rcel en la Isla del Cisne, decisi\u00f3n tomada tras tres intentos fallidos de licitaci\u00f3n que atribuy\u00f3 a un boicot por parte del sistema financiero. En su lugar, se instalar\u00e1 una fuerza militar conjunta con el objetivo de fortalecer la &hellip;<\/p>\n","protected":false},"author":0,"featured_media":83112,"comment_status":"open","ping_status":"open","sticky":false,"template":"","format":"standard","meta":{"_jetpack_memberships_contains_paid_content":false,"footnotes":""},"categories":[5],"tags":[],"class_list":["post-83111","post","type-post","status-publish","format-standard","has-post-thumbnail","","category-noticias"],"jetpack_sharing_enabled":true,"jetpack_featured_media_url":"https:\/\/mickyandoniehn.com\/radio\/wp-content\/uploads\/2024\/12\/3-6-2VJwbt.jpeg","_links":{"self":[{"href":"https:\/\/mickyandoniehn.com\/radio\/wp-json\/wp\/v2\/posts\/83111","targetHints":{"allow":["GET"]}}],"collection":[{"href":"https:\/\/mickyandoniehn.com\/radio\/wp-json\/wp\/v2\/posts"}],"about":[{"href":"https:\/\/mickyandoniehn.com\/radio\/wp-json\/wp\/v2\/types\/post"}],"replies":[{"embeddable":true,"href":"https:\/\/mickyandoniehn.com\/radio\/wp-json\/wp\/v2\/comments?post=83111"}],"version-history":[{"count":0,"href":"https:\/\/mickyandoniehn.com\/radio\/wp-json\/wp\/v2\/posts\/83111\/revisions"}],"wp:featuredmedia":[{"embeddable":true,"href":"https:\/\/mickyandoniehn.com\/radio\/wp-json\/wp\/v2\/media\/83112"}],"wp:attachment":[{"href":"https:\/\/mickyandoniehn.com\/radio\/wp-json\/wp\/v2\/media?parent=83111"}],"wp:term":[{"taxonomy":"category","embeddable":true,"href":"https:\/\/mickyandoniehn.com\/radio\/wp-json\/wp\/v2\/categories?post=83111"},{"taxonomy":"post_tag","embeddable":true,"href":"https:\/\/mickyandoniehn.com\/radio\/wp-json\/wp\/v2\/tags?post=83111"}],"curies":[{"name":"wp","href":"https:\/\/api.w.org\/{rel}","templated":true}]}}