{"id":83106,"date":"2024-12-10T11:12:44","date_gmt":"2024-12-10T17:12:44","guid":{"rendered":"http:\/\/mickyandoniehn.com\/radio\/2024\/12\/10\/honduras-se-une-a-acuerdo-regional-para-mejorar-la-alimentacion-escolar\/"},"modified":"2024-12-10T11:12:44","modified_gmt":"2024-12-10T17:12:44","slug":"honduras-se-une-a-acuerdo-regional-para-mejorar-la-alimentacion-escolar","status":"publish","type":"post","link":"https:\/\/mickyandoniehn.com\/radio\/2024\/12\/10\/honduras-se-une-a-acuerdo-regional-para-mejorar-la-alimentacion-escolar\/","title":{"rendered":"Honduras se une a acuerdo regional para mejorar la alimentaci\u00f3n escolar"},"content":{"rendered":"<p>26.11.2024<\/p>\n<p>\u00a0<\/p>\n<p>Honduras es uno de los 17 pa\u00edses de Am\u00e9rica Latina y el Caribe que firmaron un convenio para fortalecer las pol\u00edticas p\u00fablicas de alimentaci\u00f3n escolar, seg\u00fan inform\u00f3 la Organizaci\u00f3n de las Naciones Unidas para la Alimentaci\u00f3n y la Agricultura (FAO).<\/p>\n<p>El acuerdo fue oficializado durante una reuni\u00f3n de la Red Regional de Alimentaci\u00f3n Escolar (RAES), celebrada en Panam\u00e1 el 21 y 22 de noviembre. En esta iniciativa participan pa\u00edses como Brasil, Chile, Colombia, Guatemala y Per\u00fa, entre otros.<\/p>\n<h3><strong>Compromiso con la alimentaci\u00f3n escolar<\/strong><\/h3>\n<p>La RAES busca promover programas de alimentaci\u00f3n escolar m\u00e1s inclusivos, resilientes y sostenibles, con un impacto positivo en las comunidades desde perspectivas econ\u00f3micas, sociales, educativas y ambientales.<\/p>\n<p>\u201cImpulsar estos programas tiene un impacto extraordinario en la regi\u00f3n, ayudando a garantizar el derecho humano a una alimentaci\u00f3n adecuada\u201d, destac\u00f3 Mario Lubetkin, subdirector general de la FAO.<\/p>\n<p>Los pa\u00edses firmantes se comprometieron a trabajar conjuntamente para:<\/p>\n<p>Expandir la cobertura estudiantil.<br \/>\nMejorar la infraestructura escolar.<br \/>\nFortalecer v\u00ednculos con la agricultura familiar.<br \/>\nDesarrollar acciones de educaci\u00f3n alimentaria y nutricional.<br \/>\nAumentar los presupuestos dedicados a estos programas.<\/p>\n<h3><strong>Impacto regional<\/strong><\/h3>\n<p>El director de la Agencia Brasile\u00f1a de Cooperaci\u00f3n (ABC), Ruy Pereira, destac\u00f3 que estos programas son herramientas clave en la lucha contra el hambre y la pobreza, siendo esenciales para el desarrollo sostenible.<\/p>\n<p>La RAES, una iniciativa lanzada en 2018 bajo el Programa de Cooperaci\u00f3n Internacional Brasil-FAO, act\u00faa como espacio de di\u00e1logo e innovaci\u00f3n t\u00e9cnica para optimizar los programas de alimentaci\u00f3n escolar en la regi\u00f3n.<\/p>\n<p>Este acuerdo refuerza el compromiso de Honduras y otros pa\u00edses con el bienestar infantil y el desarrollo comunitario, marcando un paso importante hacia la erradicaci\u00f3n del hambre y la malnutrici\u00f3n en las escuelas de Am\u00e9rica Latina y el Caribe.<\/p>\n<div class=\"tptn_counter\">Fuente; Diario Roat\u00e1n<\/div><\/p>\n","protected":false},"excerpt":{"rendered":"<p>26.11.2024 \u00a0 Honduras es uno de los 17 pa\u00edses de Am\u00e9rica Latina y el Caribe que firmaron un convenio para fortalecer las pol\u00edticas p\u00fablicas de alimentaci\u00f3n escolar, seg\u00fan inform\u00f3 la Organizaci\u00f3n de las Naciones Unidas para la Alimentaci\u00f3n y la Agricultura (FAO). El acuerdo fue oficializado durante una reuni\u00f3n de la Red Regional de Alimentaci\u00f3n &hellip;<\/p>\n","protected":false},"author":0,"featured_media":0,"comment_status":"open","ping_status":"open","sticky":false,"template":"","format":"standard","meta":{"_jetpack_memberships_contains_paid_content":false,"footnotes":""},"categories":[5],"tags":[],"class_list":["post-83106","post","type-post","status-publish","format-standard","","category-noticias"],"jetpack_sharing_enabled":true,"jetpack_featured_media_url":"","_links":{"self":[{"href":"https:\/\/mickyandoniehn.com\/radio\/wp-json\/wp\/v2\/posts\/83106","targetHints":{"allow":["GET"]}}],"collection":[{"href":"https:\/\/mickyandoniehn.com\/radio\/wp-json\/wp\/v2\/posts"}],"about":[{"href":"https:\/\/mickyandoniehn.com\/radio\/wp-json\/wp\/v2\/types\/post"}],"replies":[{"embeddable":true,"href":"https:\/\/mickyandoniehn.com\/radio\/wp-json\/wp\/v2\/comments?post=83106"}],"version-history":[{"count":0,"href":"https:\/\/mickyandoniehn.com\/radio\/wp-json\/wp\/v2\/posts\/83106\/revisions"}],"wp:attachment":[{"href":"https:\/\/mickyandoniehn.com\/radio\/wp-json\/wp\/v2\/media?parent=83106"}],"wp:term":[{"taxonomy":"category","embeddable":true,"href":"https:\/\/mickyandoniehn.com\/radio\/wp-json\/wp\/v2\/categories?post=83106"},{"taxonomy":"post_tag","embeddable":true,"href":"https:\/\/mickyandoniehn.com\/radio\/wp-json\/wp\/v2\/tags?post=83106"}],"curies":[{"name":"wp","href":"https:\/\/api.w.org\/{rel}","templated":true}]}}