{"id":83102,"date":"2024-12-10T11:12:41","date_gmt":"2024-12-10T17:12:41","guid":{"rendered":"http:\/\/mickyandoniehn.com\/radio\/2024\/12\/10\/costa-rica-califica-de-inaceptable-el-asedio-policial-a-embajada-argentina-en-venezuela\/"},"modified":"2024-12-10T11:12:41","modified_gmt":"2024-12-10T17:12:41","slug":"costa-rica-califica-de-inaceptable-el-asedio-policial-a-embajada-argentina-en-venezuela","status":"publish","type":"post","link":"https:\/\/mickyandoniehn.com\/radio\/2024\/12\/10\/costa-rica-califica-de-inaceptable-el-asedio-policial-a-embajada-argentina-en-venezuela\/","title":{"rendered":"Costa Rica califica de \u00abinaceptable\u00bb el asedio policial a embajada argentina en Venezuela"},"content":{"rendered":"<\/p>\n<p>El Gobierno de Costa Rica calific\u00f3 este lunes como \u00abinaceptable\u00bb el asedio policial que existe sobre la embajada argentina en Venezuela, donde se encuentran asiladas seis personas opositoras a la Administraci\u00f3n del mandatario Nicol\u00e1s Maduro.<\/p>\n<p>\u00abEs inaceptable el asedio policial ordenado por Maduro, el cual se ha intensificado con la presencia de drones, el corte de calles aleda\u00f1as y el cese de suministro de servicios b\u00e1sicos, en especial la electricidad y el agua\u00bb, indica un comunicado de la Canciller\u00eda costarricense.<\/p>\n<p>El Gobierno de Costa Rica tambi\u00e9n reiter\u00f3 su \u00abrechazo a las acciones perpetradas por el r\u00e9gimen de Nicol\u00e1s Maduro contra los 6 ciudadanos venezolanos asilados en la Embajada Argentina en Caracas\u00bb desde marzo pasado.<\/p>\n<p>\u00abCosta Rica se une al llamado urgente a Venezuela para que en cumplimiento de sus obligaciones internacionales otorgue sin m\u00e1s dilaci\u00f3n los salvoconductos a los ciudadanos asilados, as\u00ed como las garant\u00edas necesarias para que puedan abandonar el territorio venezolano con plena garant\u00eda de su seguridad y de respeto absoluto a sus derechos humanos\u00bb, agrega el comunicado.<\/p>\n<p>El Gobierno costarricense tambi\u00e9n record\u00f3 que Venezuela debe respetar sus obligaciones internacionales sobre relaciones diplom\u00e1ticas y asilo diplom\u00e1tico contempladas en la Convenci\u00f3n de Viena y en la Convenci\u00f3n de Caracas sobre Asilo Diplom\u00e1tico de 1954.<\/p>\n<p>\u00abEl asilo diplom\u00e1tico es una figura de gran importancia en Latinoam\u00e9rica, regulada en la Convenci\u00f3n de Caracas, que recoge en gran medida la Convenci\u00f3n de La Habana de 1928 y la pr\u00e1ctica de los Estados, la doctrina y la jurisprudencia internacionales\u00bb, apunt\u00f3 la Canciller\u00eda de Costa Rica.<\/p>\n<p>En la embajada de Argentina en Caracas se encuentran Pedro Urruchurtu, Magalli Meda, Omar Gonz\u00e1lez, Claudia Macero, Humberto Villalobos -todos colaboradores del partido Vente Venezuela, liderado por Mar\u00eda Corina Machado- y el exministro Fernando Mart\u00ednez Mottola, asesor de la Plataforma Unitaria Democr\u00e1tica (PUD).<\/p>\n<p>Fuente: Diario Roatan<\/p>\n","protected":false},"excerpt":{"rendered":"<p>El Gobierno de Costa Rica calific\u00f3 este lunes como \u00abinaceptable\u00bb el asedio policial que existe sobre la embajada argentina en Venezuela, donde se encuentran asiladas seis personas opositoras a la Administraci\u00f3n del mandatario Nicol\u00e1s Maduro. \u00abEs inaceptable el asedio policial ordenado por Maduro, el cual se ha intensificado con la presencia de drones, el corte &hellip;<\/p>\n","protected":false},"author":0,"featured_media":83103,"comment_status":"open","ping_status":"open","sticky":false,"template":"","format":"standard","meta":{"_jetpack_memberships_contains_paid_content":false,"footnotes":""},"categories":[5],"tags":[],"class_list":["post-83102","post","type-post","status-publish","format-standard","has-post-thumbnail","","category-noticias"],"jetpack_sharing_enabled":true,"jetpack_featured_media_url":"https:\/\/mickyandoniehn.com\/radio\/wp-content\/uploads\/2024\/12\/7-4-uFkFfY.jpeg","_links":{"self":[{"href":"https:\/\/mickyandoniehn.com\/radio\/wp-json\/wp\/v2\/posts\/83102","targetHints":{"allow":["GET"]}}],"collection":[{"href":"https:\/\/mickyandoniehn.com\/radio\/wp-json\/wp\/v2\/posts"}],"about":[{"href":"https:\/\/mickyandoniehn.com\/radio\/wp-json\/wp\/v2\/types\/post"}],"replies":[{"embeddable":true,"href":"https:\/\/mickyandoniehn.com\/radio\/wp-json\/wp\/v2\/comments?post=83102"}],"version-history":[{"count":0,"href":"https:\/\/mickyandoniehn.com\/radio\/wp-json\/wp\/v2\/posts\/83102\/revisions"}],"wp:featuredmedia":[{"embeddable":true,"href":"https:\/\/mickyandoniehn.com\/radio\/wp-json\/wp\/v2\/media\/83103"}],"wp:attachment":[{"href":"https:\/\/mickyandoniehn.com\/radio\/wp-json\/wp\/v2\/media?parent=83102"}],"wp:term":[{"taxonomy":"category","embeddable":true,"href":"https:\/\/mickyandoniehn.com\/radio\/wp-json\/wp\/v2\/categories?post=83102"},{"taxonomy":"post_tag","embeddable":true,"href":"https:\/\/mickyandoniehn.com\/radio\/wp-json\/wp\/v2\/tags?post=83102"}],"curies":[{"name":"wp","href":"https:\/\/api.w.org\/{rel}","templated":true}]}}