{"id":83033,"date":"2024-12-08T10:16:26","date_gmt":"2024-12-08T16:16:26","guid":{"rendered":"http:\/\/mickyandoniehn.com\/radio\/2024\/12\/08\/al-menos-30-familias-albergadas-en-tocoa-producto-de-las-lluvias\/"},"modified":"2024-12-08T10:16:26","modified_gmt":"2024-12-08T16:16:26","slug":"al-menos-30-familias-albergadas-en-tocoa-producto-de-las-lluvias","status":"publish","type":"post","link":"https:\/\/mickyandoniehn.com\/radio\/2024\/12\/08\/al-menos-30-familias-albergadas-en-tocoa-producto-de-las-lluvias\/","title":{"rendered":"Al menos 30 familias albergadas en Tocoa producto de las lluvias"},"content":{"rendered":"<\/p>\n<p><strong>08.12.24<\/strong><\/p>\n<p><strong>Tegucigalpa\u00a0<\/strong>\u2013 Alrededor de 30 familias se encuentran albergadas producto de las lluvias que se registran en el Caribe de Honduras que han provocado el desbordamiento de r\u00edos y quebradas que dejan inundadas varias comunidades.<\/p>\n<p>Las familias fueron evacuadas de varias colonias de la ciudad de Tocoa.<\/p>\n<p>Seg\u00fan se indic\u00f3 las casas de estos barrios y colonias se vieron afectadas por el estancamiento del agua que ante construcciones en zonas aleda\u00f1as el agua no logr\u00f3 correr por los desag\u00fces y los miembros del Cuerpo de Bomberos apoyaron en la evacuaci\u00f3n.<\/p>\n<p>En el municipio de Trujillo los pobladores reportaron que las calles permanecen inundadas ante el aumento de las lluvias.<\/p>\n<p>Asimismo, se report\u00f3 que una mujer de la tercera edad\u00a0<strong><a href=\"https:\/\/proceso.hn\/anciana-perece-al-desplomarse-la-pared-de-su-casa-en-saba-colon\/\" target=\"_blank\">muri\u00f3 soterrada<\/a><\/strong>\u00a0en la comunidad de Las Golondrinas, jurisdicci\u00f3n del municipio de Sab\u00e1, cuando la pared de su casa cedi\u00f3 ante las constantes lluvias.<\/p>\n<p>La mujer identificada como Isilda Ant\u00fanez Lobo, perdi\u00f3 la vida de forma instant\u00e1nea seg\u00fan relato de sus familiares.<\/p>\n<p>El litoral Atl\u00e1ntico fue elevado a\u00a0<strong><a href=\"https:\/\/proceso.hn\/el-departamento-de-colon-tambien-sube-a-alerta-amarilla\/\" target=\"_blank\">Alerta Amarilla<\/a><\/strong>\u00a0ante las fuertes lluvias que han azotado la zona en las \u00faltimas tres semanas que mantienen saturado el suelo.<\/p>\n<p>\u00a0<\/p>\n<p>Fuente: Proceso Digital.<\/p>\n","protected":false},"excerpt":{"rendered":"<p>08.12.24 Tegucigalpa\u00a0\u2013 Alrededor de 30 familias se encuentran albergadas producto de las lluvias que se registran en el Caribe de Honduras que han provocado el desbordamiento de r\u00edos y quebradas que dejan inundadas varias comunidades. Las familias fueron evacuadas de varias colonias de la ciudad de Tocoa. Seg\u00fan se indic\u00f3 las casas de estos barrios &hellip;<\/p>\n","protected":false},"author":0,"featured_media":83034,"comment_status":"open","ping_status":"open","sticky":false,"template":"","format":"standard","meta":{"_jetpack_memberships_contains_paid_content":false,"footnotes":""},"categories":[5],"tags":[],"class_list":["post-83033","post","type-post","status-publish","format-standard","has-post-thumbnail","","category-noticias"],"jetpack_sharing_enabled":true,"jetpack_featured_media_url":"https:\/\/mickyandoniehn.com\/radio\/wp-content\/uploads\/2024\/12\/albergados-NioXiq.jpeg","_links":{"self":[{"href":"https:\/\/mickyandoniehn.com\/radio\/wp-json\/wp\/v2\/posts\/83033","targetHints":{"allow":["GET"]}}],"collection":[{"href":"https:\/\/mickyandoniehn.com\/radio\/wp-json\/wp\/v2\/posts"}],"about":[{"href":"https:\/\/mickyandoniehn.com\/radio\/wp-json\/wp\/v2\/types\/post"}],"replies":[{"embeddable":true,"href":"https:\/\/mickyandoniehn.com\/radio\/wp-json\/wp\/v2\/comments?post=83033"}],"version-history":[{"count":0,"href":"https:\/\/mickyandoniehn.com\/radio\/wp-json\/wp\/v2\/posts\/83033\/revisions"}],"wp:featuredmedia":[{"embeddable":true,"href":"https:\/\/mickyandoniehn.com\/radio\/wp-json\/wp\/v2\/media\/83034"}],"wp:attachment":[{"href":"https:\/\/mickyandoniehn.com\/radio\/wp-json\/wp\/v2\/media?parent=83033"}],"wp:term":[{"taxonomy":"category","embeddable":true,"href":"https:\/\/mickyandoniehn.com\/radio\/wp-json\/wp\/v2\/categories?post=83033"},{"taxonomy":"post_tag","embeddable":true,"href":"https:\/\/mickyandoniehn.com\/radio\/wp-json\/wp\/v2\/tags?post=83033"}],"curies":[{"name":"wp","href":"https:\/\/api.w.org\/{rel}","templated":true}]}}