{"id":82998,"date":"2024-12-07T11:12:59","date_gmt":"2024-12-07T17:12:59","guid":{"rendered":"http:\/\/mickyandoniehn.com\/radio\/2024\/12\/07\/ana-jurka-destaco-en-el-sorteo-del-mundial-de-clubes-de-la-fifa-2025\/"},"modified":"2024-12-07T11:12:59","modified_gmt":"2024-12-07T17:12:59","slug":"ana-jurka-destaco-en-el-sorteo-del-mundial-de-clubes-de-la-fifa-2025","status":"publish","type":"post","link":"https:\/\/mickyandoniehn.com\/radio\/2024\/12\/07\/ana-jurka-destaco-en-el-sorteo-del-mundial-de-clubes-de-la-fifa-2025\/","title":{"rendered":"Ana Jurka destac\u00f3 en el sorteo del Mundial de Clubes de la FIFA 2025"},"content":{"rendered":"<\/p>\n<p>\u00a1Orgullo catracho! La reconocida periodista hondure\u00f1a,\u00a0<strong><a href=\"https:\/\/www.honduras.com\/notas\/sociedad\/ana-jurka-recibio-un-tour-en-el-museo-albiceleste-en-miami-por-sergio-goycochea\/\">Ana Jurka<\/a><\/strong>\u00a0brill\u00f3 con luz propia en el sorteo del\u00a0<strong>Mundial<\/strong>\u00a0de\u00a0<strong>Clubes<\/strong>\u00a0de la FIFA 2025 que se celebr\u00f3 en la ciudad de Miami, Estados Unidos.<\/p>\n<p>La carism\u00e1tica presentadora de la cadena internacional \u2018Fox Sports\u2019 fue invitada para ser una de las principales conductoras del evento.<\/p>\n<div class=\"wp-block-image\">\n<\/div>\n<p>Durante la gala,\u00a0<strong>Jurka<\/strong>\u00a0caus\u00f3 sensaci\u00f3n al bailar con el ex hist\u00f3rico entrenador franc\u00e9s, Ars\u00e8ne Wenger la canci\u00f3n oficial de la competici\u00f3n.<\/p>\n<div class=\"wp-block-image\">\n<\/div>\n<p>As\u00ed mismo, resalt\u00f3 durante el sorteo, al interactuar con el presidente de la FIFA, el suizoitaliano Gianni Infantino y otras celebridades m\u00e1s.<\/p>\n<p>Cabe se\u00f1alar que, la hondure\u00f1a tambi\u00e9n fue invitada al lanzamiento del\u00a0<strong>Mundial<\/strong>\u00a0United 2026, a celebrarse en Estados Unidos, M\u00e9xico y Canad\u00e1.<\/p>\n<div class=\"wp-block-image\">\n<\/div>\n<p>De este modo,\u00a0<strong>Ana Jurka\u00a0<\/strong>vuelve a dejar bien parado al pa\u00eds cinco estrellas en el panorama internacional. \u00a1Un ejemplo a seguir!<\/p>\n<p><strong>Fuente:honduras.com<\/strong><\/p>\n","protected":false},"excerpt":{"rendered":"<p>\u00a1Orgullo catracho! La reconocida periodista hondure\u00f1a,\u00a0Ana Jurka\u00a0brill\u00f3 con luz propia en el sorteo del\u00a0Mundial\u00a0de\u00a0Clubes\u00a0de la FIFA 2025 que se celebr\u00f3 en la ciudad de Miami, Estados Unidos. La carism\u00e1tica presentadora de la cadena internacional \u2018Fox Sports\u2019 fue invitada para ser una de las principales conductoras del evento. Durante la gala,\u00a0Jurka\u00a0caus\u00f3 sensaci\u00f3n al bailar con el &hellip;<\/p>\n","protected":false},"author":0,"featured_media":82999,"comment_status":"open","ping_status":"open","sticky":false,"template":"","format":"standard","meta":{"_jetpack_memberships_contains_paid_content":false,"footnotes":""},"categories":[5],"tags":[],"class_list":["post-82998","post","type-post","status-publish","format-standard","has-post-thumbnail","","category-noticias"],"jetpack_sharing_enabled":true,"jetpack_featured_media_url":"https:\/\/mickyandoniehn.com\/radio\/wp-content\/uploads\/2024\/12\/ana-jurka06_9290870_20241206093258-1-mHXD0i.jpeg","_links":{"self":[{"href":"https:\/\/mickyandoniehn.com\/radio\/wp-json\/wp\/v2\/posts\/82998","targetHints":{"allow":["GET"]}}],"collection":[{"href":"https:\/\/mickyandoniehn.com\/radio\/wp-json\/wp\/v2\/posts"}],"about":[{"href":"https:\/\/mickyandoniehn.com\/radio\/wp-json\/wp\/v2\/types\/post"}],"replies":[{"embeddable":true,"href":"https:\/\/mickyandoniehn.com\/radio\/wp-json\/wp\/v2\/comments?post=82998"}],"version-history":[{"count":0,"href":"https:\/\/mickyandoniehn.com\/radio\/wp-json\/wp\/v2\/posts\/82998\/revisions"}],"wp:featuredmedia":[{"embeddable":true,"href":"https:\/\/mickyandoniehn.com\/radio\/wp-json\/wp\/v2\/media\/82999"}],"wp:attachment":[{"href":"https:\/\/mickyandoniehn.com\/radio\/wp-json\/wp\/v2\/media?parent=82998"}],"wp:term":[{"taxonomy":"category","embeddable":true,"href":"https:\/\/mickyandoniehn.com\/radio\/wp-json\/wp\/v2\/categories?post=82998"},{"taxonomy":"post_tag","embeddable":true,"href":"https:\/\/mickyandoniehn.com\/radio\/wp-json\/wp\/v2\/tags?post=82998"}],"curies":[{"name":"wp","href":"https:\/\/api.w.org\/{rel}","templated":true}]}}