{"id":82996,"date":"2024-12-07T11:12:58","date_gmt":"2024-12-07T17:12:58","guid":{"rendered":"http:\/\/mickyandoniehn.com\/radio\/2024\/12\/07\/hondureno-dennis-orellana-recibio-dos-premios-en-la-escuela-superior-de-canto-en-madrid\/"},"modified":"2024-12-07T11:12:58","modified_gmt":"2024-12-07T17:12:58","slug":"hondureno-dennis-orellana-recibio-dos-premios-en-la-escuela-superior-de-canto-en-madrid","status":"publish","type":"post","link":"https:\/\/mickyandoniehn.com\/radio\/2024\/12\/07\/hondureno-dennis-orellana-recibio-dos-premios-en-la-escuela-superior-de-canto-en-madrid\/","title":{"rendered":"Hondure\u00f1o Dennis Orellana recibi\u00f3 dos premios en la Escuela Superior de Canto en Madrid"},"content":{"rendered":"<\/p>\n<p>\u00a1Un catracho que no deja de darnos razones para admirarlo! El contratenor hondure\u00f1o Dennis Orellana volvi\u00f3 a brillar al\u00a0<strong>obtener dos premios en la prestigiosa Escuela Superior de Canto en Madrid,<\/strong>\u00a0en donde ha recibido clases para seguir destacando con su voz.<\/p>\n<h2>Hondure\u00f1o Dennis Orellana recibi\u00f3 dos premios en la Escuela Superior de Canto en Madrid<\/h2>\n<p><strong>Dennis Orellana\u00a0<\/strong>es uno de los grandes orgullos de Honduras ya que ha logrado brillar por toda Europa con su impresionante voz.<\/p>\n<p>En esta ocasi\u00f3n la Escuela Superior de Canto de Madrid, donde cursa sus estudios de canto, le otorg\u00f3 el\u00a0<strong>primer lugar en el concurso \u00abLola Rodr\u00edguez de Arag\u00f3n\u00bb.\u00a0<\/strong>\u00a1Pero eso no es todo! Ya que tambi\u00e9n recibi\u00f3 el\u00a0<strong>\u00abPremio P\u00fablico 2024\u00bb\u00a0<\/strong>que fue otorgado por el p\u00fablico asistente.<\/p>\n<p>\u00abMuy agradecido y honrado de haber obtenido el primer lugar del concurso \u201cLola Rodr\u00edguez Arag\u00f3n\u201d en el Teatro de la Escuela Superior de Canto de Madrid. Gracias a los asistentes por tambi\u00e9n otorgarme el premio del p\u00fablico! Bravo y mil gracias tambi\u00e9n a Omar Jonat\u00e1s S\u00e1nchez M\u00e1rtil por participar conmigo y a Victoria Manso por sus ense\u00f1anzas. Felicidades a mis dem\u00e1s compa\u00f1eros y amigos participantes. Bravi.\u00bb Comparti\u00f3 el hondure\u00f1o en sus redes sociales.<\/p>\n<p><strong>Fuente:honduras.com<\/strong><\/p>\n","protected":false},"excerpt":{"rendered":"<p>\u00a1Un catracho que no deja de darnos razones para admirarlo! El contratenor hondure\u00f1o Dennis Orellana volvi\u00f3 a brillar al\u00a0obtener dos premios en la prestigiosa Escuela Superior de Canto en Madrid,\u00a0en donde ha recibido clases para seguir destacando con su voz. Hondure\u00f1o Dennis Orellana recibi\u00f3 dos premios en la Escuela Superior de Canto en Madrid Dennis &hellip;<\/p>\n","protected":false},"author":0,"featured_media":82997,"comment_status":"open","ping_status":"open","sticky":false,"template":"","format":"standard","meta":{"_jetpack_memberships_contains_paid_content":false,"footnotes":""},"categories":[5],"tags":[],"class_list":["post-82996","post","type-post","status-publish","format-standard","has-post-thumbnail","","category-noticias"],"jetpack_sharing_enabled":true,"jetpack_featured_media_url":"https:\/\/mickyandoniehn.com\/radio\/wp-content\/uploads\/2024\/12\/IB-1-1-R3sk6e.jpeg","_links":{"self":[{"href":"https:\/\/mickyandoniehn.com\/radio\/wp-json\/wp\/v2\/posts\/82996","targetHints":{"allow":["GET"]}}],"collection":[{"href":"https:\/\/mickyandoniehn.com\/radio\/wp-json\/wp\/v2\/posts"}],"about":[{"href":"https:\/\/mickyandoniehn.com\/radio\/wp-json\/wp\/v2\/types\/post"}],"replies":[{"embeddable":true,"href":"https:\/\/mickyandoniehn.com\/radio\/wp-json\/wp\/v2\/comments?post=82996"}],"version-history":[{"count":0,"href":"https:\/\/mickyandoniehn.com\/radio\/wp-json\/wp\/v2\/posts\/82996\/revisions"}],"wp:featuredmedia":[{"embeddable":true,"href":"https:\/\/mickyandoniehn.com\/radio\/wp-json\/wp\/v2\/media\/82997"}],"wp:attachment":[{"href":"https:\/\/mickyandoniehn.com\/radio\/wp-json\/wp\/v2\/media?parent=82996"}],"wp:term":[{"taxonomy":"category","embeddable":true,"href":"https:\/\/mickyandoniehn.com\/radio\/wp-json\/wp\/v2\/categories?post=82996"},{"taxonomy":"post_tag","embeddable":true,"href":"https:\/\/mickyandoniehn.com\/radio\/wp-json\/wp\/v2\/tags?post=82996"}],"curies":[{"name":"wp","href":"https:\/\/api.w.org\/{rel}","templated":true}]}}