{"id":82962,"date":"2024-12-06T16:14:13","date_gmt":"2024-12-06T22:14:13","guid":{"rendered":"http:\/\/mickyandoniehn.com\/radio\/2024\/12\/06\/ministra-rixi-moncada-anuncia-extensa-gira-electoral-en-dias-habiles\/"},"modified":"2024-12-06T16:14:13","modified_gmt":"2024-12-06T22:14:13","slug":"ministra-rixi-moncada-anuncia-extensa-gira-electoral-en-dias-habiles","status":"publish","type":"post","link":"https:\/\/mickyandoniehn.com\/radio\/2024\/12\/06\/ministra-rixi-moncada-anuncia-extensa-gira-electoral-en-dias-habiles\/","title":{"rendered":"Ministra Rixi Moncada anuncia extensa gira electoral en d\u00edas h\u00e1biles"},"content":{"rendered":"<\/p>\n<p>Tegucigalpa 06.12.2024<\/p>\n<p>\u00a0<\/p>\n<p>La precandidata del oficialista Libertad y Refundaci\u00f3n (Libre) y ministra de\u00a0Defensa,\u00a0<strong>Rixi\u00a0\u00a0Moncada<\/strong>,\u00a0dio a conocer el calendario de gira electoral que realizar\u00e1 en enero, febrero y marzo donde indica que realizar\u00e1 actividad pol\u00edtica en d\u00edas laborales.<\/p>\n<p>A trav\u00e9s de su cuenta en la red social X, Moncada justific\u00f3 que dicho calendario fue realizado cumpliendo con el art\u00edculo 222 de la Ley Electoral, y que el mismo ser\u00e1 ejecutado en coordinaci\u00f3n con l\u00edderes y lideresas de los departamentos.<\/p>\n<p>Seg\u00fan su publicaci\u00f3n, en enero, la ministra ir\u00e1 a Intibuc\u00e1 el mi\u00e9rcoles 22 de enero; el resto de las giras, las realizar\u00e1 en fin de semana.<\/p>\n<div class=\"wp-block-image\">\n<\/div>\n<p>En febrero, cuando la funcionaria intensificar\u00e1 su actividad proselitista, participar\u00e1 en 11 visitas al interior del pa\u00eds en su calidad de precandidata del oficialismo. De esas 11 giras, tres caen en d\u00eda laboral, los d\u00edas mi\u00e9rcoles 12, 19 y 26, seg\u00fan consta en la divulgaci\u00f3n que tambi\u00e9n ha sido compartida por el canciller de la rep\u00fablica, Enrique Reina.<\/p>\n<p>\u00a0<\/p>\n<p>\u00a0<\/p>\n<p>\u00a0<\/p>\n<p>\u00a0<\/p>\n<p>\u00a0<\/p>\n<p>\u00a0<\/p>\n<p>\u00a0<\/p>\n<p>\u00a0<\/p>\n<p>\u00a0<\/p>\n<p>\u00a0<\/p>\n<p>\u00a0<\/p>\n<p>\u00a0<\/p>\n<p>\u00a0<\/p>\n<p>\u00a0<\/p>\n<p>\u00a0<\/p>\n<p>\u00a0<\/p>\n<p>Para marzo, la responsable de la\u00a0Secretar\u00eda de Defensa de Honduras ir\u00e1 a Islas de la Bah\u00eda y Col\u00f3n el lunes 3 de marzo como parte de sus actividades pol\u00edticas.<\/p>\n<p>La agenda pol\u00edtica fue criticada por la diputada nacionalista Merary D\u00edaz, \u201cla nueva forma de hacer giras, Mixigiras mi\u00e9rcoles y lunes de Ministra Candidata, y s\u00e1bado y domingo de candidata\u201d.<\/p>\n<p>La parlamentaria del Partido Nacional record\u00f3 la orden de la presidenta Xiomara Castro de renunciar a los cargos p\u00fablicos para hacer pol\u00edtica y agreg\u00f3 que la palabra de la mandataria \u201cni en la mitad del papel vale, porque el Comandante sigue mandando\u201d<\/p>\n<p>Fuente: Proceso Digital<\/p>\n<p>\u00a0<\/p>\n<p>\u00a0<\/p>\n<p>\u00a0<\/p>\n","protected":false},"excerpt":{"rendered":"<p>Tegucigalpa 06.12.2024 \u00a0 La precandidata del oficialista Libertad y Refundaci\u00f3n (Libre) y ministra de\u00a0Defensa,\u00a0Rixi\u00a0\u00a0Moncada,\u00a0dio a conocer el calendario de gira electoral que realizar\u00e1 en enero, febrero y marzo donde indica que realizar\u00e1 actividad pol\u00edtica en d\u00edas laborales. A trav\u00e9s de su cuenta en la red social X, Moncada justific\u00f3 que dicho calendario fue realizado cumpliendo &hellip;<\/p>\n","protected":false},"author":0,"featured_media":82963,"comment_status":"open","ping_status":"open","sticky":false,"template":"","format":"standard","meta":{"_jetpack_memberships_contains_paid_content":false,"footnotes":""},"categories":[5],"tags":[],"class_list":["post-82962","post","type-post","status-publish","format-standard","has-post-thumbnail","","category-noticias"],"jetpack_sharing_enabled":true,"jetpack_featured_media_url":"https:\/\/mickyandoniehn.com\/radio\/wp-content\/uploads\/2024\/12\/rixi-moncada-gracias-768x512-1-2Ru5no.jpeg","_links":{"self":[{"href":"https:\/\/mickyandoniehn.com\/radio\/wp-json\/wp\/v2\/posts\/82962","targetHints":{"allow":["GET"]}}],"collection":[{"href":"https:\/\/mickyandoniehn.com\/radio\/wp-json\/wp\/v2\/posts"}],"about":[{"href":"https:\/\/mickyandoniehn.com\/radio\/wp-json\/wp\/v2\/types\/post"}],"replies":[{"embeddable":true,"href":"https:\/\/mickyandoniehn.com\/radio\/wp-json\/wp\/v2\/comments?post=82962"}],"version-history":[{"count":0,"href":"https:\/\/mickyandoniehn.com\/radio\/wp-json\/wp\/v2\/posts\/82962\/revisions"}],"wp:featuredmedia":[{"embeddable":true,"href":"https:\/\/mickyandoniehn.com\/radio\/wp-json\/wp\/v2\/media\/82963"}],"wp:attachment":[{"href":"https:\/\/mickyandoniehn.com\/radio\/wp-json\/wp\/v2\/media?parent=82962"}],"wp:term":[{"taxonomy":"category","embeddable":true,"href":"https:\/\/mickyandoniehn.com\/radio\/wp-json\/wp\/v2\/categories?post=82962"},{"taxonomy":"post_tag","embeddable":true,"href":"https:\/\/mickyandoniehn.com\/radio\/wp-json\/wp\/v2\/tags?post=82962"}],"curies":[{"name":"wp","href":"https:\/\/api.w.org\/{rel}","templated":true}]}}