{"id":82958,"date":"2024-12-06T16:14:08","date_gmt":"2024-12-06T22:14:08","guid":{"rendered":"http:\/\/mickyandoniehn.com\/radio\/2024\/12\/06\/cuando-faltan-81-dias-para-que-finalice-el-tratado-de-extradicion-de-honduras-con-estados-unidos-el-presidente-del-colegio-de-abogados-de-honduras-cah-gustavo-solorzano-expreso-su-esperanza-de-qu\/"},"modified":"2024-12-06T16:14:08","modified_gmt":"2024-12-06T22:14:08","slug":"cuando-faltan-81-dias-para-que-finalice-el-tratado-de-extradicion-de-honduras-con-estados-unidos-el-presidente-del-colegio-de-abogados-de-honduras-cah-gustavo-solorzano-expreso-su-esperanza-de-qu","status":"publish","type":"post","link":"https:\/\/mickyandoniehn.com\/radio\/2024\/12\/06\/cuando-faltan-81-dias-para-que-finalice-el-tratado-de-extradicion-de-honduras-con-estados-unidos-el-presidente-del-colegio-de-abogados-de-honduras-cah-gustavo-solorzano-expreso-su-esperanza-de-qu\/","title":{"rendered":"Cuando faltan 81 d\u00edas para que finalice el Tratado de Extradici\u00f3n de Honduras con Estados Unidos, el presidente del Colegio de Abogados de Honduras (CAH), Gustavo Sol\u00f3rzano, expres\u00f3 su esperanza de que la presidenta Xiomara Castro reconsidere su postura sobre la posible eliminaci\u00f3n del Tratado de Extradici\u00f3n con Estados Unidos, destacando que este mecanismo ha sido efectivo en el combate al narcotr\u00e1fico y no requiere modificaciones legales.  \u00abHay que evaluar los hechos pr\u00e1cticos, el Tratado ha funcionado, continuemos con \u00e9l. No hay necesidad de complicarnos con una ley adicional porque ya la normativa creada por el Poder Judicial para los procedimientos en materia de extradici\u00f3n ha sido suficiente\u00bb, afirm\u00f3 Sol\u00f3rzano.  El abogado enfatiz\u00f3 que complicar un sistema que opera eficientemente podr\u00eda ser contraproducente. \u00abCreo que los hondure\u00f1os, por intentar aclarar algo que ya funciona bien, a veces complicamos las cosas. Tengo fe en que la presidenta se retractar\u00e1, porque un gobernante debe escuchar a todos, y la mayor\u00eda de los hondure\u00f1os estamos a favor de la extradici\u00f3n\u00bb, sostuvo.  Sobre el \u00abnarcovideo\u00bb  En relaci\u00f3n al pol\u00e9mico video que vincula al narcotr\u00e1fico con la pol\u00edtica hondure\u00f1a, espec\u00edficamente a Carlos Zelaya, cu\u00f1ado de la mandataria Sol\u00f3rzano hizo un llamado al Ministerio P\u00fablico para actuar con responsabilidad y transparencia. Es un video que conmovi\u00f3 a toda la poblaci\u00f3n, pero preocupa c\u00f3mo estos temas sensibles se desvanecen r\u00e1pidamente de la agenda p\u00fablica, lament\u00f3.  Seg\u00fan el abogado, la criminalidad organizada ha debilitado gravemente las instituciones del pa\u00eds, afectando \u00e1reas clave como la educaci\u00f3n, la salud y la seguridad. \u00abEs fundamental que este caso reciba la atenci\u00f3n necesaria, porque solo as\u00ed podremos recuperar la confianza en nuestras instituciones y en el futuro de Honduras\u00bb, concluy\u00f3."},"content":{"rendered":"<\/p>\n<p>Tegucigalpa 06.12.2024<\/p>\n<p>La Secretar\u00eda de Estado en los Despachos de Gesti\u00f3n de Riesgos y Contingencias Nacionales (Copeco) declar\u00f3 este viernes\u00a0<strong>Alerta Verde<\/strong>\u00a0en los departamentos de Cort\u00e9s, Yoro, Atl\u00e1ntida, Col\u00f3n, Gracias a Dios e Islas de la Bah\u00eda por un per\u00edodo de 48 horas, a partir de las 12:00 del mediod\u00eda.<\/p>\n<p>Seg\u00fan el Centro de Estudios Atmosf\u00e9ricos, Oceanogr\u00e1ficos y S\u00edsmicos (Cenaos), persiste la influencia de una cu\u00f1a de alta presi\u00f3n sobre el territorio nacional, lo que genera temperaturas frescas, vientos acelerados del noreste, lluvias y chubascos d\u00e9biles a moderados con actividad el\u00e9ctrica aislada en las regiones del norte, noroccidente y nororiente.<\/p>\n<p>En el resto del pa\u00eds se esperan lluvias d\u00e9biles, exceptuando las regiones del sur y suroccidente, donde prevalecen condiciones mayormente secas.<\/p>\n<p><strong>Recomendaciones de prevenci\u00f3n<\/strong>:<\/p>\n<p>A las autoridades municipales, Comit\u00e9 de Emergencia Municipal (Codem) y Comit\u00e9s de Emergencia Locales (Codeles), se les pide constante observaci\u00f3n de cualquier amenaza que pueda perjudicar a la poblaci\u00f3n, especialmente en los sectores vulnerables.<\/p>\n<p>A las personas que viven en las orillas de los r\u00edos y en zonas vulnerables a deslizamientos, derrumbes, deslaves, hundimientos, inundaciones y otro tipo de amenazas, tomar medidas de prevenci\u00f3n, se pide no cruzar vados, r\u00edos y quebradas crecidas como resultado de las lluvias.<\/p>\n<p>Se instruye continuar con las labores de aseguramiento de techos y la limpieza de cunetas, tragantes y desag\u00fces para evitar inundaciones urbanas repentinas.<\/p>\n<p>A la Direcci\u00f3n Nacional de la Marina Mercante y Capitan\u00edas de Puerto se les sugiere restringir la navegaci\u00f3n de embarcaciones de mediano y peque\u00f1o calado debido al alto oleaje en el litoral Caribe, que se estima entre 6 y 8 pies, siguiendo los protocolos establecidos.<\/p>\n<p>Fuente: Proceso Digital<\/p>\n","protected":false},"excerpt":{"rendered":"<p>Tegucigalpa 06.12.2024 La Secretar\u00eda de Estado en los Despachos de Gesti\u00f3n de Riesgos y Contingencias Nacionales (Copeco) declar\u00f3 este viernes\u00a0Alerta Verde\u00a0en los departamentos de Cort\u00e9s, Yoro, Atl\u00e1ntida, Col\u00f3n, Gracias a Dios e Islas de la Bah\u00eda por un per\u00edodo de 48 horas, a partir de las 12:00 del mediod\u00eda. Seg\u00fan el Centro de Estudios Atmosf\u00e9ricos, &hellip;<\/p>\n","protected":false},"author":0,"featured_media":82959,"comment_status":"open","ping_status":"open","sticky":false,"template":"","format":"standard","meta":{"_jetpack_memberships_contains_paid_content":false,"footnotes":""},"categories":[5],"tags":[],"class_list":["post-82958","post","type-post","status-publish","format-standard","has-post-thumbnail","","category-noticias"],"jetpack_sharing_enabled":true,"jetpack_featured_media_url":"https:\/\/mickyandoniehn.com\/radio\/wp-content\/uploads\/2024\/12\/Alerta-Verde-seis-departamentos-ORrnh5.jpeg","_links":{"self":[{"href":"https:\/\/mickyandoniehn.com\/radio\/wp-json\/wp\/v2\/posts\/82958","targetHints":{"allow":["GET"]}}],"collection":[{"href":"https:\/\/mickyandoniehn.com\/radio\/wp-json\/wp\/v2\/posts"}],"about":[{"href":"https:\/\/mickyandoniehn.com\/radio\/wp-json\/wp\/v2\/types\/post"}],"replies":[{"embeddable":true,"href":"https:\/\/mickyandoniehn.com\/radio\/wp-json\/wp\/v2\/comments?post=82958"}],"version-history":[{"count":0,"href":"https:\/\/mickyandoniehn.com\/radio\/wp-json\/wp\/v2\/posts\/82958\/revisions"}],"wp:featuredmedia":[{"embeddable":true,"href":"https:\/\/mickyandoniehn.com\/radio\/wp-json\/wp\/v2\/media\/82959"}],"wp:attachment":[{"href":"https:\/\/mickyandoniehn.com\/radio\/wp-json\/wp\/v2\/media?parent=82958"}],"wp:term":[{"taxonomy":"category","embeddable":true,"href":"https:\/\/mickyandoniehn.com\/radio\/wp-json\/wp\/v2\/categories?post=82958"},{"taxonomy":"post_tag","embeddable":true,"href":"https:\/\/mickyandoniehn.com\/radio\/wp-json\/wp\/v2\/tags?post=82958"}],"curies":[{"name":"wp","href":"https:\/\/api.w.org\/{rel}","templated":true}]}}