{"id":82904,"date":"2024-12-04T10:13:18","date_gmt":"2024-12-04T16:13:18","guid":{"rendered":"http:\/\/mickyandoniehn.com\/radio\/2024\/12\/04\/ninos-con-discapacidad-emprenden-con-venta-de-manteles-navidenos\/"},"modified":"2024-12-04T10:13:18","modified_gmt":"2024-12-04T16:13:18","slug":"ninos-con-discapacidad-emprenden-con-venta-de-manteles-navidenos","status":"publish","type":"post","link":"https:\/\/mickyandoniehn.com\/radio\/2024\/12\/04\/ninos-con-discapacidad-emprenden-con-venta-de-manteles-navidenos\/","title":{"rendered":"Ni\u00f1os con discapacidad emprenden con venta de manteles navide\u00f1os"},"content":{"rendered":"<\/p>\n<p><strong>04.12.24<\/strong><\/p>\n<p>El programa de inclusi\u00f3n social lanz\u00f3 ayer un proyecto de confecci\u00f3n y venta de manteles con dise\u00f1os navide\u00f1os que beneficia a ni\u00f1os que viven con alguna discapacidad de diferentes aldeas y caser\u00edos de Sabanagrande.<\/p>\n<p>Sabanagrande ha sido un referente en educaci\u00f3n e inclusi\u00f3n social a nivel de Honduras y Am\u00e9rica Latina y como uno de sus ejes fundamentales est\u00e1 el apoyo al emprendedurismo para personas con discapacidad.<\/p>\n<p>Entre los logros obtenidos a trav\u00e9s del proyecto est\u00e1 la adecuaci\u00f3n curricular de 100 ni\u00f1os que contin\u00faan en sus centros educativos gracias a becas obtenidas por la Secretar\u00eda de Educaci\u00f3n.<\/p>\n<p><a href=\"https:\/\/i0.wp.com\/web.latribuna.hn\/wp-content\/uploads\/2024\/12\/ninos-con-discapacidad-emprenden-con-venta-de-manteles-navidenos-2.jpg?ssl=1\"><\/a>Aprovechando la \u00e9poca de Navidad los ni\u00f1os han potenciado sus emprendimientos.<\/p>\n<p>Adem\u00e1s, el acompa\u00f1amiento de todos los centros educativos gracias a aliados como la alcald\u00eda municipal y la empresa privada, JICA y una delegaci\u00f3n cubana de atenci\u00f3n m\u00e9dica gratuita para los ni\u00f1os en condiciones de discapacidad.<\/p>\n<p>Mediante ese tipo de actividades navide\u00f1as de elaboraci\u00f3n de manteles y tarjetas navide\u00f1as se busca visibilizar su arte y esfuerzo que, junto a padres de familia, los convierten en peque\u00f1os emprendedores y ni\u00f1os con talentos excepcionales.<\/p>\n<p><a href=\"https:\/\/i2.wp.com\/web.latribuna.hn\/wp-content\/uploads\/2024\/12\/ninos-con-discapacidad-emprenden-con-venta-de-manteles-navidenos-3.jpg?ssl=1\"><\/a>Los peque\u00f1os tambi\u00e9n elaboran coloridas tarjetas navide\u00f1as para regalar a personas especiales.<\/p>\n<p>Fuente: La Tribuna.<\/p>\n","protected":false},"excerpt":{"rendered":"<p>04.12.24 El programa de inclusi\u00f3n social lanz\u00f3 ayer un proyecto de confecci\u00f3n y venta de manteles con dise\u00f1os navide\u00f1os que beneficia a ni\u00f1os que viven con alguna discapacidad de diferentes aldeas y caser\u00edos de Sabanagrande. Sabanagrande ha sido un referente en educaci\u00f3n e inclusi\u00f3n social a nivel de Honduras y Am\u00e9rica Latina y como uno &hellip;<\/p>\n","protected":false},"author":0,"featured_media":82905,"comment_status":"open","ping_status":"open","sticky":false,"template":"","format":"standard","meta":{"_jetpack_memberships_contains_paid_content":false,"footnotes":""},"categories":[5],"tags":[],"class_list":["post-82904","post","type-post","status-publish","format-standard","has-post-thumbnail","","category-noticias"],"jetpack_sharing_enabled":true,"jetpack_featured_media_url":"https:\/\/mickyandoniehn.com\/radio\/wp-content\/uploads\/2024\/12\/ninos-con-discapacidad-emprenden-con-venta-de-manteles-navidenos-1-1068x563-1-dgaR3b.jpeg","_links":{"self":[{"href":"https:\/\/mickyandoniehn.com\/radio\/wp-json\/wp\/v2\/posts\/82904","targetHints":{"allow":["GET"]}}],"collection":[{"href":"https:\/\/mickyandoniehn.com\/radio\/wp-json\/wp\/v2\/posts"}],"about":[{"href":"https:\/\/mickyandoniehn.com\/radio\/wp-json\/wp\/v2\/types\/post"}],"replies":[{"embeddable":true,"href":"https:\/\/mickyandoniehn.com\/radio\/wp-json\/wp\/v2\/comments?post=82904"}],"version-history":[{"count":0,"href":"https:\/\/mickyandoniehn.com\/radio\/wp-json\/wp\/v2\/posts\/82904\/revisions"}],"wp:featuredmedia":[{"embeddable":true,"href":"https:\/\/mickyandoniehn.com\/radio\/wp-json\/wp\/v2\/media\/82905"}],"wp:attachment":[{"href":"https:\/\/mickyandoniehn.com\/radio\/wp-json\/wp\/v2\/media?parent=82904"}],"wp:term":[{"taxonomy":"category","embeddable":true,"href":"https:\/\/mickyandoniehn.com\/radio\/wp-json\/wp\/v2\/categories?post=82904"},{"taxonomy":"post_tag","embeddable":true,"href":"https:\/\/mickyandoniehn.com\/radio\/wp-json\/wp\/v2\/tags?post=82904"}],"curies":[{"name":"wp","href":"https:\/\/api.w.org\/{rel}","templated":true}]}}