{"id":82900,"date":"2024-12-04T10:13:13","date_gmt":"2024-12-04T16:13:13","guid":{"rendered":"http:\/\/mickyandoniehn.com\/radio\/2024\/12\/04\/armando-urtecho-critica-falta-de-interes-gubernamental-en-generar-empleos-dignos\/"},"modified":"2024-12-04T10:13:13","modified_gmt":"2024-12-04T16:13:13","slug":"armando-urtecho-critica-falta-de-interes-gubernamental-en-generar-empleos-dignos","status":"publish","type":"post","link":"https:\/\/mickyandoniehn.com\/radio\/2024\/12\/04\/armando-urtecho-critica-falta-de-interes-gubernamental-en-generar-empleos-dignos\/","title":{"rendered":"Armando Urtecho critica falta de inter\u00e9s gubernamental en generar empleos dignos"},"content":{"rendered":"<\/p>\n<p><strong>04.12.24<\/strong><\/p>\n<p>El director ejecutivo del Consejo Hondure\u00f1o de la Empresa Privada (Cohep), Armando Urtecho, cuestion\u00f3 la falta de inter\u00e9s del gobierno en implementar regulaciones que promuevan la generaci\u00f3n de empleo, se\u00f1alando que los funcionarios p\u00fablicos, al vivir del erario, no comprenden el impacto de crear oportunidades laborales.<\/p>\n<p>Urtecho respondi\u00f3 a declaraciones del ministro de Trabajo, Wilmer Javier Fern\u00e1ndez, quien afirm\u00f3 que no es necesaria una Ley de Empleo por Hora para que las empresas contraten personal durante la temporada navide\u00f1a. \u201cPreg\u00fantenle qu\u00e9 empresa tiene \u00e9l\u201d, replic\u00f3 Urtecho, se\u00f1alando que la Ley de Empleo Parcial, derivada de un acuerdo con la Organizaci\u00f3n Internacional del Trabajo (OIT), es una norma internacional aprobada en otros pa\u00edses y deber\u00eda ser considerada en Honduras.<\/p>\n<p>El representante del Cohep enfatiz\u00f3 que la falta de una legislaci\u00f3n efectiva refleja desinter\u00e9s por parte del gobierno hacia la ciudadan\u00eda. \u201cSi les importara la gente, tendr\u00edamos una ley para que puedan acceder a un empleo digno. En este momento, no lo tienen\u201d, expres\u00f3.<\/p>\n<p>Urtecho tambi\u00e9n mencion\u00f3 que, seg\u00fan datos del Instituto Nacional de Estad\u00edsticas (INE), los 85,879 nuevos empleos registrados este a\u00f1o han sido generados en su mayor\u00eda por el gobierno. Sin embargo, destac\u00f3 que el sector privado enfrenta p\u00e9rdidas significativas, como los m\u00e1s de 300 empleos que desaparecer\u00e1n en enero de 2025 debido al cierre de una empresa inglesa.<\/p>\n<p>Fuente: Diario Roat\u00e1n<\/p>\n","protected":false},"excerpt":{"rendered":"<p>04.12.24 El director ejecutivo del Consejo Hondure\u00f1o de la Empresa Privada (Cohep), Armando Urtecho, cuestion\u00f3 la falta de inter\u00e9s del gobierno en implementar regulaciones que promuevan la generaci\u00f3n de empleo, se\u00f1alando que los funcionarios p\u00fablicos, al vivir del erario, no comprenden el impacto de crear oportunidades laborales. Urtecho respondi\u00f3 a declaraciones del ministro de Trabajo, &hellip;<\/p>\n","protected":false},"author":0,"featured_media":82901,"comment_status":"open","ping_status":"open","sticky":false,"template":"","format":"standard","meta":{"_jetpack_memberships_contains_paid_content":false,"footnotes":""},"categories":[5],"tags":[],"class_list":["post-82900","post","type-post","status-publish","format-standard","has-post-thumbnail","","category-noticias"],"jetpack_sharing_enabled":true,"jetpack_featured_media_url":"https:\/\/mickyandoniehn.com\/radio\/wp-content\/uploads\/2024\/12\/Armando-Urtecho-750x430-1-LZvpzi.jpeg","_links":{"self":[{"href":"https:\/\/mickyandoniehn.com\/radio\/wp-json\/wp\/v2\/posts\/82900","targetHints":{"allow":["GET"]}}],"collection":[{"href":"https:\/\/mickyandoniehn.com\/radio\/wp-json\/wp\/v2\/posts"}],"about":[{"href":"https:\/\/mickyandoniehn.com\/radio\/wp-json\/wp\/v2\/types\/post"}],"replies":[{"embeddable":true,"href":"https:\/\/mickyandoniehn.com\/radio\/wp-json\/wp\/v2\/comments?post=82900"}],"version-history":[{"count":0,"href":"https:\/\/mickyandoniehn.com\/radio\/wp-json\/wp\/v2\/posts\/82900\/revisions"}],"wp:featuredmedia":[{"embeddable":true,"href":"https:\/\/mickyandoniehn.com\/radio\/wp-json\/wp\/v2\/media\/82901"}],"wp:attachment":[{"href":"https:\/\/mickyandoniehn.com\/radio\/wp-json\/wp\/v2\/media?parent=82900"}],"wp:term":[{"taxonomy":"category","embeddable":true,"href":"https:\/\/mickyandoniehn.com\/radio\/wp-json\/wp\/v2\/categories?post=82900"},{"taxonomy":"post_tag","embeddable":true,"href":"https:\/\/mickyandoniehn.com\/radio\/wp-json\/wp\/v2\/tags?post=82900"}],"curies":[{"name":"wp","href":"https:\/\/api.w.org\/{rel}","templated":true}]}}