{"id":82890,"date":"2024-12-04T09:12:52","date_gmt":"2024-12-04T15:12:52","guid":{"rendered":"http:\/\/mickyandoniehn.com\/radio\/2024\/12\/04\/amplian-memorandum-para-instalacion-de-la-cicih-hasta-junio-de-2025\/"},"modified":"2024-12-04T09:12:52","modified_gmt":"2024-12-04T15:12:52","slug":"amplian-memorandum-para-instalacion-de-la-cicih-hasta-junio-de-2025","status":"publish","type":"post","link":"https:\/\/mickyandoniehn.com\/radio\/2024\/12\/04\/amplian-memorandum-para-instalacion-de-la-cicih-hasta-junio-de-2025\/","title":{"rendered":"Ampl\u00edan memor\u00e1ndum para instalaci\u00f3n de la CICIH hasta junio de 2025"},"content":{"rendered":"<\/p>\n<p><strong>04.12.24<\/strong><\/p>\n<p>El canciller hondure\u00f1o\u00a0<strong>Enrique Reina<\/strong>\u00a0inform\u00f3 este martes que el memor\u00e1ndum de entendimiento firmado con la\u00a0<strong>Organizaci\u00f3n de las Naciones Unidas (ONU)<\/strong>\u00a0para la instalaci\u00f3n de la\u00a0<strong>Comisi\u00f3n Internacional Contra la Impunidad en Honduras (CICIH)<\/strong>\u00a0ha sido extendido hasta\u00a0<strong>junio de 2025<\/strong>, marcando la\u00a0<strong>cuarta pr\u00f3rroga<\/strong>\u00a0desde la firma inicial en diciembre de 2022.<\/p>\n<p>El memor\u00e1ndum, suscrito el 15 de diciembre de 2022 en Nueva York, busca establecer los lineamientos para la creaci\u00f3n de la CICIH. Sin embargo, su instalaci\u00f3n se ha retrasado.<\/p>\n<p>El canciller Reina, durante su participaci\u00f3n en los actos conmemorativos del 60 aniversario del Parlamento Latinoamericano y Caribe\u00f1o (Parlatino) en Panam\u00e1, subray\u00f3 que:<\/p>\n<p><em>\u201cHemos estado en conversaciones, y esta es una prioridad de la presidenta. Esperamos culminar las negociaciones antes de junio del pr\u00f3ximo a\u00f1o y lograr un acuerdo definitivo con la ONU\u201d<\/em>.<\/p>\n<p>Reina critic\u00f3 la gesti\u00f3n del gobierno anterior, se\u00f1alando que la instalaci\u00f3n de la\u00a0<strong>MACCIH<\/strong>\u00a0(Misi\u00f3n de Apoyo Contra la Corrupci\u00f3n y la Impunidad en Honduras) fue insuficiente debido a las limitadas capacidades con las que oper\u00f3. Seg\u00fan el funcionario, cuando la MACCIH comenz\u00f3 a investigar casos relevantes de corrupci\u00f3n, enfrent\u00f3 desestabilizaci\u00f3n hasta su eventual salida del pa\u00eds.<\/p>\n<p>La instalaci\u00f3n de la CICIH es una de las principales promesas de campa\u00f1a de la presidenta\u00a0<strong>Xiomara Castro<\/strong>, quien asumi\u00f3 el cargo el 27 de enero de 2022. Sin embargo, la demora en su establecimiento ha generado cr\u00edticas, reflejadas en el conteo de d\u00edas sin la CICIH, que ya suma\u00a0<strong>1,041 d\u00edas<\/strong>.<\/p>\n<p>Reina reafirm\u00f3 el compromiso del gobierno de cumplir con este objetivo:\u00a0<em>\u201cEsperamos que este esfuerzo culmine en la creaci\u00f3n de un organismo s\u00f3lido y efectivo para combatir la corrupci\u00f3n en el pa\u00eds\u201d<\/em>.<\/p>\n<p>Fuente: La Tribuna.<\/p>\n","protected":false},"excerpt":{"rendered":"<p>04.12.24 El canciller hondure\u00f1o\u00a0Enrique Reina\u00a0inform\u00f3 este martes que el memor\u00e1ndum de entendimiento firmado con la\u00a0Organizaci\u00f3n de las Naciones Unidas (ONU)\u00a0para la instalaci\u00f3n de la\u00a0Comisi\u00f3n Internacional Contra la Impunidad en Honduras (CICIH)\u00a0ha sido extendido hasta\u00a0junio de 2025, marcando la\u00a0cuarta pr\u00f3rroga\u00a0desde la firma inicial en diciembre de 2022. El memor\u00e1ndum, suscrito el 15 de diciembre de 2022 &hellip;<\/p>\n","protected":false},"author":0,"featured_media":82891,"comment_status":"open","ping_status":"open","sticky":false,"template":"","format":"standard","meta":{"_jetpack_memberships_contains_paid_content":false,"footnotes":""},"categories":[5],"tags":[],"class_list":["post-82890","post","type-post","status-publish","format-standard","has-post-thumbnail","","category-noticias"],"jetpack_sharing_enabled":true,"jetpack_featured_media_url":"https:\/\/mickyandoniehn.com\/radio\/wp-content\/uploads\/2024\/12\/Enrique-Reina-cVfu6X.jpeg","_links":{"self":[{"href":"https:\/\/mickyandoniehn.com\/radio\/wp-json\/wp\/v2\/posts\/82890","targetHints":{"allow":["GET"]}}],"collection":[{"href":"https:\/\/mickyandoniehn.com\/radio\/wp-json\/wp\/v2\/posts"}],"about":[{"href":"https:\/\/mickyandoniehn.com\/radio\/wp-json\/wp\/v2\/types\/post"}],"replies":[{"embeddable":true,"href":"https:\/\/mickyandoniehn.com\/radio\/wp-json\/wp\/v2\/comments?post=82890"}],"version-history":[{"count":0,"href":"https:\/\/mickyandoniehn.com\/radio\/wp-json\/wp\/v2\/posts\/82890\/revisions"}],"wp:featuredmedia":[{"embeddable":true,"href":"https:\/\/mickyandoniehn.com\/radio\/wp-json\/wp\/v2\/media\/82891"}],"wp:attachment":[{"href":"https:\/\/mickyandoniehn.com\/radio\/wp-json\/wp\/v2\/media?parent=82890"}],"wp:term":[{"taxonomy":"category","embeddable":true,"href":"https:\/\/mickyandoniehn.com\/radio\/wp-json\/wp\/v2\/categories?post=82890"},{"taxonomy":"post_tag","embeddable":true,"href":"https:\/\/mickyandoniehn.com\/radio\/wp-json\/wp\/v2\/tags?post=82890"}],"curies":[{"name":"wp","href":"https:\/\/api.w.org\/{rel}","templated":true}]}}