{"id":82882,"date":"2024-12-04T08:13:45","date_gmt":"2024-12-04T14:13:45","guid":{"rendered":"http:\/\/mickyandoniehn.com\/radio\/2024\/12\/04\/defensa-dice-que-construccion-de-carcel-llevara-desarrollo-a-la-mosquitia\/"},"modified":"2024-12-04T08:13:45","modified_gmt":"2024-12-04T14:13:45","slug":"defensa-dice-que-construccion-de-carcel-llevara-desarrollo-a-la-mosquitia","status":"publish","type":"post","link":"https:\/\/mickyandoniehn.com\/radio\/2024\/12\/04\/defensa-dice-que-construccion-de-carcel-llevara-desarrollo-a-la-mosquitia\/","title":{"rendered":"Defensa dice que construcci\u00f3n de c\u00e1rcel llevar\u00e1 desarrollo a La Mosquitia"},"content":{"rendered":"<\/p>\n<p><strong>04.12.24<\/strong><\/p>\n<p><strong>Tegucigalpa<\/strong>\u2013 La construcci\u00f3n del Centro de Reclusi\u00f3n de Emergencia (CRE), impulsar\u00e1 el desarrollo en Gracias a Dios, se\u00f1alaron autoridades militares tras reunirse con la poblaci\u00f3n de Gracias a Dios.<\/p>\n<p>Seg\u00fan las autoridades militares la construcci\u00f3n del Centro de Reclusi\u00f3n de Emergencia es un proyecto de seguridad nacional que traer\u00e1 creaci\u00f3n de empleos.<\/p>\n<p>Asimismo, mejora en los sistemas de salud, activaci\u00f3n de la econom\u00eda local y familiar.<\/p>\n<p>Adem\u00e1s, se proyectan obras complementarias que impactar\u00e1n de manera positiva la rehabilitaci\u00f3n de la carretera Puerto Lempira-Mocor\u00f3n.<\/p>\n<p>Tambi\u00e9n la construcci\u00f3n de un aeropuerto nacional en Puerto Lempira y mejoras en el muelle de cabotaje y la pista militar de Mocor\u00f3n.<\/p>\n<div class=\"wp-block-embed__wrapper\">\n<div class=\"twitter-tweet twitter-tweet-rendered\"><\/div>\n<div>Fuente: Proceso Digital.<\/div>\n<\/div>\n","protected":false},"excerpt":{"rendered":"<p>04.12.24 Tegucigalpa\u2013 La construcci\u00f3n del Centro de Reclusi\u00f3n de Emergencia (CRE), impulsar\u00e1 el desarrollo en Gracias a Dios, se\u00f1alaron autoridades militares tras reunirse con la poblaci\u00f3n de Gracias a Dios. Seg\u00fan las autoridades militares la construcci\u00f3n del Centro de Reclusi\u00f3n de Emergencia es un proyecto de seguridad nacional que traer\u00e1 creaci\u00f3n de empleos. Asimismo, mejora &hellip;<\/p>\n","protected":false},"author":0,"featured_media":82883,"comment_status":"open","ping_status":"open","sticky":false,"template":"","format":"standard","meta":{"_jetpack_memberships_contains_paid_content":false,"footnotes":""},"categories":[5],"tags":[],"class_list":["post-82882","post","type-post","status-publish","format-standard","has-post-thumbnail","","category-noticias"],"jetpack_sharing_enabled":true,"jetpack_featured_media_url":"https:\/\/mickyandoniehn.com\/radio\/wp-content\/uploads\/2024\/12\/defensa-696x462-1-6duZUh.jpeg","_links":{"self":[{"href":"https:\/\/mickyandoniehn.com\/radio\/wp-json\/wp\/v2\/posts\/82882","targetHints":{"allow":["GET"]}}],"collection":[{"href":"https:\/\/mickyandoniehn.com\/radio\/wp-json\/wp\/v2\/posts"}],"about":[{"href":"https:\/\/mickyandoniehn.com\/radio\/wp-json\/wp\/v2\/types\/post"}],"replies":[{"embeddable":true,"href":"https:\/\/mickyandoniehn.com\/radio\/wp-json\/wp\/v2\/comments?post=82882"}],"version-history":[{"count":0,"href":"https:\/\/mickyandoniehn.com\/radio\/wp-json\/wp\/v2\/posts\/82882\/revisions"}],"wp:featuredmedia":[{"embeddable":true,"href":"https:\/\/mickyandoniehn.com\/radio\/wp-json\/wp\/v2\/media\/82883"}],"wp:attachment":[{"href":"https:\/\/mickyandoniehn.com\/radio\/wp-json\/wp\/v2\/media?parent=82882"}],"wp:term":[{"taxonomy":"category","embeddable":true,"href":"https:\/\/mickyandoniehn.com\/radio\/wp-json\/wp\/v2\/categories?post=82882"},{"taxonomy":"post_tag","embeddable":true,"href":"https:\/\/mickyandoniehn.com\/radio\/wp-json\/wp\/v2\/tags?post=82882"}],"curies":[{"name":"wp","href":"https:\/\/api.w.org\/{rel}","templated":true}]}}